{"id":1472,"date":"2019-10-02T12:15:45","date_gmt":"2019-10-02T10:15:45","guid":{"rendered":"http:\/\/blog.sy-danja.de\/?p=1472"},"modified":"2019-10-04T22:35:40","modified_gmt":"2019-10-04T20:35:40","slug":"nazare","status":"publish","type":"post","link":"http:\/\/blog.sy-danja.de\/?p=1472","title":{"rendered":"Nazar\u00e9"},"content":{"rendered":"<style type=\"text\/css\">\n#foogallery-gallery-1471.fg-masonry .fg-item { width: 150px; }\n#foogallery-gallery-1471.fg-masonry { --fg-gutter: 10px; }<\/style>\n\t\t\t<div class=\"foogallery foogallery-container foogallery-masonry foogallery-lightbox-none fg-masonry fg-ready fg-light fg-loading-default fg-loaded-fade-in fg-hover-scale fg-hover-fade fg-fixed\" id=\"foogallery-gallery-1471\" data-foogallery=\"{&quot;item&quot;:{&quot;showCaptionTitle&quot;:true,&quot;showCaptionDescription&quot;:true},&quot;lazy&quot;:true,&quot;template&quot;:{&quot;columnWidth&quot;:150,&quot;gutter&quot;:10}}\" style=\"--fg-title-line-clamp: 0; --fg-description-line-clamp: 0;\" >\n\t\t<div class=\"fg-item fg-type-image fg-idle\"><figure class=\"fg-item-inner\"><a href=\"http:\/\/blog.sy-danja.de\/wp-content\/uploads\/sites\/2\/2019\/10\/01_Nazare_1000px.jpg\" data-caption-title=\"Auf dem Weg zur Nazar\u00e9 Marina: Das Forte de Sao Miguel mit dem Leuchtfeuer Nazar\u00e9.\" data-attachment-id=\"1437\" data-type=\"image\" class=\"fg-thumb\" rel=\"lightbox[1472]\"><span class=\"fg-image-wrap\"><img decoding=\"async\" title=\"Auf dem Weg zur Nazar\u00e9 Marina: Das Forte de Sao Miguel mit dem Leuchtfeuer Nazar\u00e9.\" width=\"150\" height=\"100\" class=\"skip-lazy fg-image\" data-src-fg=\"http:\/\/blog.sy-danja.de\/wp-content\/uploads\/sites\/2\/cache\/2019\/10\/01_Nazare_1000px\/2021151890.jpg\" src=\"data:image\/svg+xml,%3Csvg%20xmlns%3D%22http%3A%2F%2Fwww.w3.org%2F2000%2Fsvg%22%20width%3D%22150%22%20height%3D%22100%22%20viewBox%3D%220%200%20150%20100%22%3E%3C%2Fsvg%3E\" loading=\"eager\"><\/span><span class=\"fg-image-overlay\"><\/span><\/a><figcaption class=\"fg-caption\"><div class=\"fg-caption-inner\"><div class=\"fg-caption-title\">Auf dem Weg zur Nazar\u00e9 Marina: Das Forte de Sao Miguel mit dem Leuchtfeuer Nazar\u00e9.<\/div><\/div><\/figcaption><\/figure><div class=\"fg-loader\"><\/div><\/div><div class=\"fg-item fg-type-image fg-idle\"><figure class=\"fg-item-inner\"><a href=\"http:\/\/blog.sy-danja.de\/wp-content\/uploads\/sites\/2\/2019\/10\/02_Nazare_1000px.jpg\" data-caption-title=\"In der Marina des Clube Nautico da Nazar\u00e9.\" data-attachment-id=\"1438\" data-type=\"image\" class=\"fg-thumb\" rel=\"lightbox[1472]\"><span class=\"fg-image-wrap\"><img decoding=\"async\" title=\"In der Marina des Clube Nautico da Nazar\u00e9.\" width=\"150\" height=\"100\" class=\"skip-lazy fg-image\" data-src-fg=\"http:\/\/blog.sy-danja.de\/wp-content\/uploads\/sites\/2\/cache\/2019\/10\/02_Nazare_1000px\/1289049550.jpg\" src=\"data:image\/svg+xml,%3Csvg%20xmlns%3D%22http%3A%2F%2Fwww.w3.org%2F2000%2Fsvg%22%20width%3D%22150%22%20height%3D%22100%22%20viewBox%3D%220%200%20150%20100%22%3E%3C%2Fsvg%3E\" loading=\"eager\"><\/span><span class=\"fg-image-overlay\"><\/span><\/a><figcaption class=\"fg-caption\"><div class=\"fg-caption-inner\"><div class=\"fg-caption-title\">In der Marina des Clube Nautico da Nazar\u00e9.<\/div><\/div><\/figcaption><\/figure><div class=\"fg-loader\"><\/div><\/div><div class=\"fg-item fg-type-image fg-idle\"><figure class=\"fg-item-inner\"><a href=\"http:\/\/blog.sy-danja.de\/wp-content\/uploads\/sites\/2\/2019\/10\/03_Nazare_1000px.jpg\" data-caption-title=\"Praia de Nazar\u00e9.\" data-attachment-id=\"1439\" data-type=\"image\" class=\"fg-thumb\" rel=\"lightbox[1472]\"><span class=\"fg-image-wrap\"><img decoding=\"async\" title=\"Praia de Nazar\u00e9.\" width=\"150\" height=\"100\" class=\"skip-lazy fg-image\" data-src-fg=\"http:\/\/blog.sy-danja.de\/wp-content\/uploads\/sites\/2\/cache\/2019\/10\/03_Nazare_1000px\/2776451763.jpg\" src=\"data:image\/svg+xml,%3Csvg%20xmlns%3D%22http%3A%2F%2Fwww.w3.org%2F2000%2Fsvg%22%20width%3D%22150%22%20height%3D%22100%22%20viewBox%3D%220%200%20150%20100%22%3E%3C%2Fsvg%3E\" loading=\"eager\"><\/span><span class=\"fg-image-overlay\"><\/span><\/a><figcaption class=\"fg-caption\"><div class=\"fg-caption-inner\"><div class=\"fg-caption-title\">Praia de Nazar\u00e9.<\/div><\/div><\/figcaption><\/figure><div class=\"fg-loader\"><\/div><\/div><div class=\"fg-item fg-type-image fg-idle\"><figure class=\"fg-item-inner\"><a href=\"http:\/\/blog.sy-danja.de\/wp-content\/uploads\/sites\/2\/2019\/10\/04_Nazare_1000px.jpg\" data-caption-title=\"Praia de Nazar\u00e9. Nicht immer ein Badestrand.\" data-attachment-id=\"1440\" data-type=\"image\" class=\"fg-thumb\" rel=\"lightbox[1472]\"><span class=\"fg-image-wrap\"><img decoding=\"async\" title=\"Praia de Nazar\u00e9. Nicht immer ein Badestrand.\" width=\"150\" height=\"100\" class=\"skip-lazy fg-image\" data-src-fg=\"http:\/\/blog.sy-danja.de\/wp-content\/uploads\/sites\/2\/cache\/2019\/10\/04_Nazare_1000px\/449457110.jpg\" src=\"data:image\/svg+xml,%3Csvg%20xmlns%3D%22http%3A%2F%2Fwww.w3.org%2F2000%2Fsvg%22%20width%3D%22150%22%20height%3D%22100%22%20viewBox%3D%220%200%20150%20100%22%3E%3C%2Fsvg%3E\" loading=\"eager\"><\/span><span class=\"fg-image-overlay\"><\/span><\/a><figcaption class=\"fg-caption\"><div class=\"fg-caption-inner\"><div class=\"fg-caption-title\">Praia de Nazar\u00e9. Nicht immer ein Badestrand.<\/div><\/div><\/figcaption><\/figure><div class=\"fg-loader\"><\/div><\/div><div class=\"fg-item fg-type-image fg-idle\"><figure class=\"fg-item-inner\"><a href=\"http:\/\/blog.sy-danja.de\/wp-content\/uploads\/sites\/2\/2019\/10\/05_Nazare_1000px.jpg\" data-caption-title=\"Praia de Nazar\u00e9\" data-attachment-id=\"1441\" data-type=\"image\" class=\"fg-thumb\" rel=\"lightbox[1472]\"><span class=\"fg-image-wrap\"><img decoding=\"async\" title=\"Praia de Nazar\u00e9\" width=\"150\" height=\"100\" class=\"skip-lazy fg-image\" data-src-fg=\"http:\/\/blog.sy-danja.de\/wp-content\/uploads\/sites\/2\/cache\/2019\/10\/05_Nazare_1000px\/4083299499.jpg\" src=\"data:image\/svg+xml,%3Csvg%20xmlns%3D%22http%3A%2F%2Fwww.w3.org%2F2000%2Fsvg%22%20width%3D%22150%22%20height%3D%22100%22%20viewBox%3D%220%200%20150%20100%22%3E%3C%2Fsvg%3E\" loading=\"eager\"><\/span><span class=\"fg-image-overlay\"><\/span><\/a><figcaption class=\"fg-caption\"><div class=\"fg-caption-inner\"><div class=\"fg-caption-title\">Praia de Nazar\u00e9<\/div><\/div><\/figcaption><\/figure><div class=\"fg-loader\"><\/div><\/div><div class=\"fg-item fg-type-image fg-idle\"><figure class=\"fg-item-inner\"><a href=\"http:\/\/blog.sy-danja.de\/wp-content\/uploads\/sites\/2\/2019\/10\/06_Nazare_1000px.jpg\" data-caption-title=\"Forte de Sao Miguel von der Praia de Nazar\u00e9 aus gesehen.\" data-attachment-id=\"1442\" data-type=\"image\" class=\"fg-thumb\" rel=\"lightbox[1472]\"><span class=\"fg-image-wrap\"><img decoding=\"async\" title=\"Forte de Sao Miguel von der Praia de Nazar\u00e9 aus gesehen.\" width=\"150\" height=\"100\" class=\"skip-lazy fg-image\" data-src-fg=\"http:\/\/blog.sy-danja.de\/wp-content\/uploads\/sites\/2\/cache\/2019\/10\/06_Nazare_1000px\/317395821.jpg\" src=\"data:image\/svg+xml,%3Csvg%20xmlns%3D%22http%3A%2F%2Fwww.w3.org%2F2000%2Fsvg%22%20width%3D%22150%22%20height%3D%22100%22%20viewBox%3D%220%200%20150%20100%22%3E%3C%2Fsvg%3E\" loading=\"eager\"><\/span><span class=\"fg-image-overlay\"><\/span><\/a><figcaption class=\"fg-caption\"><div class=\"fg-caption-inner\"><div class=\"fg-caption-title\">Forte de Sao Miguel von der Praia de Nazar\u00e9 aus gesehen.<\/div><\/div><\/figcaption><\/figure><div class=\"fg-loader\"><\/div><\/div><div class=\"fg-item fg-type-image fg-idle\"><figure class=\"fg-item-inner\"><a href=\"http:\/\/blog.sy-danja.de\/wp-content\/uploads\/sites\/2\/2019\/10\/07_Nazare_1000px.jpg\" data-caption-title=\"Praia de Nazar\u00e9. Im Hintergrund die Hafenzufahrt.\" data-attachment-id=\"1443\" data-type=\"image\" class=\"fg-thumb\" rel=\"lightbox[1472]\"><span class=\"fg-image-wrap\"><img decoding=\"async\" title=\"Praia de Nazar\u00e9. Im Hintergrund die Hafenzufahrt.\" width=\"150\" height=\"100\" class=\"skip-lazy fg-image\" data-src-fg=\"http:\/\/blog.sy-danja.de\/wp-content\/uploads\/sites\/2\/cache\/2019\/10\/07_Nazare_1000px\/4215475216.jpg\" src=\"data:image\/svg+xml,%3Csvg%20xmlns%3D%22http%3A%2F%2Fwww.w3.org%2F2000%2Fsvg%22%20width%3D%22150%22%20height%3D%22100%22%20viewBox%3D%220%200%20150%20100%22%3E%3C%2Fsvg%3E\" loading=\"eager\"><\/span><span class=\"fg-image-overlay\"><\/span><\/a><figcaption class=\"fg-caption\"><div class=\"fg-caption-inner\"><div class=\"fg-caption-title\">Praia de Nazar\u00e9. Im Hintergrund die Hafenzufahrt.<\/div><\/div><\/figcaption><\/figure><div class=\"fg-loader\"><\/div><\/div><div class=\"fg-item fg-type-image fg-idle\"><figure class=\"fg-item-inner\"><a href=\"http:\/\/blog.sy-danja.de\/wp-content\/uploads\/sites\/2\/2019\/10\/07_Nazare_1000px_2.jpg\" data-caption-title=\"Gasse in Nazar\u00e9\" data-attachment-id=\"1444\" data-type=\"image\" class=\"fg-thumb\" rel=\"lightbox[1472]\"><span class=\"fg-image-wrap\"><img decoding=\"async\" title=\"Gasse in Nazar\u00e9\" width=\"150\" height=\"200\" class=\"skip-lazy fg-image\" data-src-fg=\"http:\/\/blog.sy-danja.de\/wp-content\/uploads\/sites\/2\/cache\/2019\/10\/07_Nazare_1000px_2\/1245983268.jpg\" src=\"data:image\/svg+xml,%3Csvg%20xmlns%3D%22http%3A%2F%2Fwww.w3.org%2F2000%2Fsvg%22%20width%3D%22150%22%20height%3D%22200%22%20viewBox%3D%220%200%20150%20200%22%3E%3C%2Fsvg%3E\" loading=\"eager\"><\/span><span class=\"fg-image-overlay\"><\/span><\/a><figcaption class=\"fg-caption\"><div class=\"fg-caption-inner\"><div class=\"fg-caption-title\">Gasse in Nazar\u00e9<\/div><\/div><\/figcaption><\/figure><div class=\"fg-loader\"><\/div><\/div><div class=\"fg-item fg-type-image fg-idle\"><figure class=\"fg-item-inner\"><a href=\"http:\/\/blog.sy-danja.de\/wp-content\/uploads\/sites\/2\/2019\/10\/07_Nazare_1000px_3.jpg\" data-caption-title=\"Mercado Municipal in Nazar\u00e9.\" data-attachment-id=\"1445\" data-type=\"image\" class=\"fg-thumb\" rel=\"lightbox[1472]\"><span class=\"fg-image-wrap\"><img decoding=\"async\" title=\"Mercado Municipal in Nazar\u00e9.\" width=\"150\" height=\"113\" class=\"skip-lazy fg-image\" data-src-fg=\"http:\/\/blog.sy-danja.de\/wp-content\/uploads\/sites\/2\/cache\/2019\/10\/07_Nazare_1000px_3\/273855611.jpg\" src=\"data:image\/svg+xml,%3Csvg%20xmlns%3D%22http%3A%2F%2Fwww.w3.org%2F2000%2Fsvg%22%20width%3D%22150%22%20height%3D%22113%22%20viewBox%3D%220%200%20150%20113%22%3E%3C%2Fsvg%3E\" loading=\"eager\"><\/span><span class=\"fg-image-overlay\"><\/span><\/a><figcaption class=\"fg-caption\"><div class=\"fg-caption-inner\"><div class=\"fg-caption-title\">Mercado Municipal in Nazar\u00e9.<\/div><\/div><\/figcaption><\/figure><div class=\"fg-loader\"><\/div><\/div><div class=\"fg-item fg-type-image fg-idle\"><figure class=\"fg-item-inner\"><a href=\"http:\/\/blog.sy-danja.de\/wp-content\/uploads\/sites\/2\/2019\/10\/07_Nazare_1000px_4.jpg\" data-caption-title=\"Mercado Municipal in Nazar\u00e9.\" data-attachment-id=\"1446\" data-type=\"image\" class=\"fg-thumb\" rel=\"lightbox[1472]\"><span class=\"fg-image-wrap\"><img decoding=\"async\" title=\"Mercado Municipal in Nazar\u00e9.\" width=\"150\" height=\"113\" class=\"skip-lazy fg-image\" data-src-fg=\"http:\/\/blog.sy-danja.de\/wp-content\/uploads\/sites\/2\/cache\/2019\/10\/07_Nazare_1000px_4\/2049126496.jpg\" src=\"data:image\/svg+xml,%3Csvg%20xmlns%3D%22http%3A%2F%2Fwww.w3.org%2F2000%2Fsvg%22%20width%3D%22150%22%20height%3D%22113%22%20viewBox%3D%220%200%20150%20113%22%3E%3C%2Fsvg%3E\" loading=\"eager\"><\/span><span class=\"fg-image-overlay\"><\/span><\/a><figcaption class=\"fg-caption\"><div class=\"fg-caption-inner\"><div class=\"fg-caption-title\">Mercado Municipal in Nazar\u00e9.<\/div><\/div><\/figcaption><\/figure><div class=\"fg-loader\"><\/div><\/div><div class=\"fg-item fg-type-image fg-idle\"><figure class=\"fg-item-inner\"><a href=\"http:\/\/blog.sy-danja.de\/wp-content\/uploads\/sites\/2\/2019\/10\/08_Nazare_1000px.jpg\" data-caption-title=\"Stadtteil S\u00edtio von der Praia de Nazar\u00e9 aus gesehen.\" data-attachment-id=\"1447\" data-type=\"image\" class=\"fg-thumb\" rel=\"lightbox[1472]\"><span class=\"fg-image-wrap\"><img decoding=\"async\" title=\"Stadtteil S\u00edtio von der Praia de Nazar\u00e9 aus gesehen.\" width=\"150\" height=\"100\" class=\"skip-lazy fg-image\" data-src-fg=\"http:\/\/blog.sy-danja.de\/wp-content\/uploads\/sites\/2\/cache\/2019\/10\/08_Nazare_1000px\/1799026214.jpg\" src=\"data:image\/svg+xml,%3Csvg%20xmlns%3D%22http%3A%2F%2Fwww.w3.org%2F2000%2Fsvg%22%20width%3D%22150%22%20height%3D%22100%22%20viewBox%3D%220%200%20150%20100%22%3E%3C%2Fsvg%3E\" loading=\"eager\"><\/span><span class=\"fg-image-overlay\"><\/span><\/a><figcaption class=\"fg-caption\"><div class=\"fg-caption-inner\"><div class=\"fg-caption-title\">Stadtteil S\u00edtio von der Praia de Nazar\u00e9 aus gesehen.<\/div><\/div><\/figcaption><\/figure><div class=\"fg-loader\"><\/div><\/div><div class=\"fg-item fg-type-image fg-idle\"><figure class=\"fg-item-inner\"><a href=\"http:\/\/blog.sy-danja.de\/wp-content\/uploads\/sites\/2\/2019\/10\/09_Nazare_1000px.jpg\" data-caption-title=\"Fu\u00dfweg in die oberen Stadtteile Sitio und Suberco.\" data-attachment-id=\"1448\" data-type=\"image\" class=\"fg-thumb\" rel=\"lightbox[1472]\"><span class=\"fg-image-wrap\"><img decoding=\"async\" title=\"Fu\u00dfweg in die oberen Stadtteile Sitio und Suberco.\" width=\"150\" height=\"200\" class=\"skip-lazy fg-image\" data-src-fg=\"http:\/\/blog.sy-danja.de\/wp-content\/uploads\/sites\/2\/cache\/2019\/10\/09_Nazare_1000px\/1908883194.jpg\" src=\"data:image\/svg+xml,%3Csvg%20xmlns%3D%22http%3A%2F%2Fwww.w3.org%2F2000%2Fsvg%22%20width%3D%22150%22%20height%3D%22200%22%20viewBox%3D%220%200%20150%20200%22%3E%3C%2Fsvg%3E\" loading=\"eager\"><\/span><span class=\"fg-image-overlay\"><\/span><\/a><figcaption class=\"fg-caption\"><div class=\"fg-caption-inner\"><div class=\"fg-caption-title\">Fu\u00dfweg in die oberen Stadtteile Sitio und Suberco.<\/div><\/div><\/figcaption><\/figure><div class=\"fg-loader\"><\/div><\/div><div class=\"fg-item fg-type-image fg-idle\"><figure class=\"fg-item-inner\"><a href=\"http:\/\/blog.sy-danja.de\/wp-content\/uploads\/sites\/2\/2019\/10\/10_Nazare_1000px.jpg\" data-caption-title=\"Santu\u00e1rio de Nossa Senhora da Nazar\u00e9. Die Grabst\u00e4tte von Heinrich der Seefahrer liegt hier.\" data-attachment-id=\"1449\" data-type=\"image\" class=\"fg-thumb\" rel=\"lightbox[1472]\"><span class=\"fg-image-wrap\"><img decoding=\"async\" title=\"Santu\u00e1rio de Nossa Senhora da Nazar\u00e9. Die Grabst\u00e4tte von Heinrich der Seefahrer liegt hier.\" width=\"150\" height=\"100\" class=\"skip-lazy fg-image\" data-src-fg=\"http:\/\/blog.sy-danja.de\/wp-content\/uploads\/sites\/2\/cache\/2019\/10\/10_Nazare_1000px\/3126848851.jpg\" src=\"data:image\/svg+xml,%3Csvg%20xmlns%3D%22http%3A%2F%2Fwww.w3.org%2F2000%2Fsvg%22%20width%3D%22150%22%20height%3D%22100%22%20viewBox%3D%220%200%20150%20100%22%3E%3C%2Fsvg%3E\" loading=\"eager\"><\/span><span class=\"fg-image-overlay\"><\/span><\/a><figcaption class=\"fg-caption\"><div class=\"fg-caption-inner\"><div class=\"fg-caption-title\">Santu\u00e1rio de Nossa Senhora da Nazar\u00e9. Die Grabst\u00e4tte von Heinrich der Seefahrer liegt hier.<\/div><\/div><\/figcaption><\/figure><div class=\"fg-loader\"><\/div><\/div><div class=\"fg-item fg-type-image fg-idle\"><figure class=\"fg-item-inner\"><a href=\"http:\/\/blog.sy-danja.de\/wp-content\/uploads\/sites\/2\/2019\/10\/11_Nazare_1000px.jpg\" data-caption-title=\"&quot;Stra\u00dfenmusiker&quot;\" data-attachment-id=\"1450\" data-type=\"image\" class=\"fg-thumb\" rel=\"lightbox[1472]\"><span class=\"fg-image-wrap\"><img decoding=\"async\" title=\"&quot;Stra\u00dfenmusiker&quot;\" width=\"150\" height=\"100\" class=\"skip-lazy fg-image\" data-src-fg=\"http:\/\/blog.sy-danja.de\/wp-content\/uploads\/sites\/2\/cache\/2019\/10\/11_Nazare_1000px\/2132703624.jpg\" src=\"data:image\/svg+xml,%3Csvg%20xmlns%3D%22http%3A%2F%2Fwww.w3.org%2F2000%2Fsvg%22%20width%3D%22150%22%20height%3D%22100%22%20viewBox%3D%220%200%20150%20100%22%3E%3C%2Fsvg%3E\" loading=\"eager\"><\/span><span class=\"fg-image-overlay\"><\/span><\/a><figcaption class=\"fg-caption\"><div class=\"fg-caption-inner\"><div class=\"fg-caption-title\">\"Stra\u00dfenmusiker\"<\/div><\/div><\/figcaption><\/figure><div class=\"fg-loader\"><\/div><\/div><div class=\"fg-item fg-type-image fg-idle\"><figure class=\"fg-item-inner\"><a href=\"http:\/\/blog.sy-danja.de\/wp-content\/uploads\/sites\/2\/2019\/10\/12_Nazare_1000px.jpg\" data-caption-title=\"Streetfood auf dem Weg zur Praia do Norte\" data-attachment-id=\"1451\" data-type=\"image\" class=\"fg-thumb\" rel=\"lightbox[1472]\"><span class=\"fg-image-wrap\"><img decoding=\"async\" title=\"Streetfood auf dem Weg zur Praia do Norte\" width=\"150\" height=\"100\" class=\"skip-lazy fg-image\" data-src-fg=\"http:\/\/blog.sy-danja.de\/wp-content\/uploads\/sites\/2\/cache\/2019\/10\/12_Nazare_1000px\/3102125941.jpg\" src=\"data:image\/svg+xml,%3Csvg%20xmlns%3D%22http%3A%2F%2Fwww.w3.org%2F2000%2Fsvg%22%20width%3D%22150%22%20height%3D%22100%22%20viewBox%3D%220%200%20150%20100%22%3E%3C%2Fsvg%3E\" loading=\"eager\"><\/span><span class=\"fg-image-overlay\"><\/span><\/a><figcaption class=\"fg-caption\"><div class=\"fg-caption-inner\"><div class=\"fg-caption-title\">Streetfood auf dem Weg zur Praia do Norte<\/div><\/div><\/figcaption><\/figure><div class=\"fg-loader\"><\/div><\/div><div class=\"fg-item fg-type-image fg-idle\"><figure class=\"fg-item-inner\"><a href=\"http:\/\/blog.sy-danja.de\/wp-content\/uploads\/sites\/2\/2019\/10\/13_Nazare_1000px.jpg\" data-caption-title=\"Streetfood auf dem Weg zur Praia do Norte\" data-attachment-id=\"1452\" data-type=\"image\" class=\"fg-thumb\" rel=\"lightbox[1472]\"><span class=\"fg-image-wrap\"><img decoding=\"async\" title=\"Streetfood auf dem Weg zur Praia do Norte\" width=\"150\" height=\"84\" class=\"skip-lazy fg-image\" data-src-fg=\"http:\/\/blog.sy-danja.de\/wp-content\/uploads\/sites\/2\/cache\/2019\/10\/13_Nazare_1000px\/2000634163.jpg\" src=\"data:image\/svg+xml,%3Csvg%20xmlns%3D%22http%3A%2F%2Fwww.w3.org%2F2000%2Fsvg%22%20width%3D%22150%22%20height%3D%2284%22%20viewBox%3D%220%200%20150%2084%22%3E%3C%2Fsvg%3E\" loading=\"eager\"><\/span><span class=\"fg-image-overlay\"><\/span><\/a><figcaption class=\"fg-caption\"><div class=\"fg-caption-inner\"><div class=\"fg-caption-title\">Streetfood auf dem Weg zur Praia do Norte<\/div><\/div><\/figcaption><\/figure><div class=\"fg-loader\"><\/div><\/div><div class=\"fg-item fg-type-image fg-idle\"><figure class=\"fg-item-inner\"><a href=\"http:\/\/blog.sy-danja.de\/wp-content\/uploads\/sites\/2\/2019\/10\/14_Nazare_1000px.jpg\" data-caption-title=\"Streetfood auf dem Weg zur Praia do Norte\" data-attachment-id=\"1453\" data-type=\"image\" class=\"fg-thumb\" rel=\"lightbox[1472]\"><span class=\"fg-image-wrap\"><img decoding=\"async\" title=\"Streetfood auf dem Weg zur Praia do Norte\" width=\"150\" height=\"113\" class=\"skip-lazy fg-image\" data-src-fg=\"http:\/\/blog.sy-danja.de\/wp-content\/uploads\/sites\/2\/cache\/2019\/10\/14_Nazare_1000px\/3966108878.jpg\" src=\"data:image\/svg+xml,%3Csvg%20xmlns%3D%22http%3A%2F%2Fwww.w3.org%2F2000%2Fsvg%22%20width%3D%22150%22%20height%3D%22113%22%20viewBox%3D%220%200%20150%20113%22%3E%3C%2Fsvg%3E\" loading=\"eager\"><\/span><span class=\"fg-image-overlay\"><\/span><\/a><figcaption class=\"fg-caption\"><div class=\"fg-caption-inner\"><div class=\"fg-caption-title\">Streetfood auf dem Weg zur Praia do Norte<\/div><\/div><\/figcaption><\/figure><div class=\"fg-loader\"><\/div><\/div><div class=\"fg-item fg-type-image fg-idle\"><figure class=\"fg-item-inner\"><a href=\"http:\/\/blog.sy-danja.de\/wp-content\/uploads\/sites\/2\/2019\/10\/15_Nazare_1000px.jpg\" data-caption-title=\"Kulisse f\u00fcr das Big Wave Surfen: Forte de Sao Miguel Arcanjo\" data-attachment-id=\"1454\" data-type=\"image\" class=\"fg-thumb\" rel=\"lightbox[1472]\"><span class=\"fg-image-wrap\"><img decoding=\"async\" title=\"Kulisse f\u00fcr das Big Wave Surfen: Forte de Sao Miguel Arcanjo\" width=\"150\" height=\"100\" class=\"skip-lazy fg-image\" data-src-fg=\"http:\/\/blog.sy-danja.de\/wp-content\/uploads\/sites\/2\/cache\/2019\/10\/15_Nazare_1000px\/1868302590.jpg\" src=\"data:image\/svg+xml,%3Csvg%20xmlns%3D%22http%3A%2F%2Fwww.w3.org%2F2000%2Fsvg%22%20width%3D%22150%22%20height%3D%22100%22%20viewBox%3D%220%200%20150%20100%22%3E%3C%2Fsvg%3E\" loading=\"eager\"><\/span><span class=\"fg-image-overlay\"><\/span><\/a><figcaption class=\"fg-caption\"><div class=\"fg-caption-inner\"><div class=\"fg-caption-title\">Kulisse f\u00fcr das Big Wave Surfen: Forte de Sao Miguel Arcanjo<\/div><\/div><\/figcaption><\/figure><div class=\"fg-loader\"><\/div><\/div><div class=\"fg-item fg-type-image fg-idle\"><figure class=\"fg-item-inner\"><a href=\"http:\/\/blog.sy-danja.de\/wp-content\/uploads\/sites\/2\/2019\/10\/16_Nazare_1000px.jpg\" data-caption-title=\"Nazar\u00e9 Leuchtfeuer.\" data-attachment-id=\"1455\" data-type=\"image\" class=\"fg-thumb\" rel=\"lightbox[1472]\"><span class=\"fg-image-wrap\"><img decoding=\"async\" title=\"Nazar\u00e9 Leuchtfeuer.\" width=\"150\" height=\"100\" class=\"skip-lazy fg-image\" data-src-fg=\"http:\/\/blog.sy-danja.de\/wp-content\/uploads\/sites\/2\/cache\/2019\/10\/16_Nazare_1000px\/2829377027.jpg\" src=\"data:image\/svg+xml,%3Csvg%20xmlns%3D%22http%3A%2F%2Fwww.w3.org%2F2000%2Fsvg%22%20width%3D%22150%22%20height%3D%22100%22%20viewBox%3D%220%200%20150%20100%22%3E%3C%2Fsvg%3E\" loading=\"eager\"><\/span><span class=\"fg-image-overlay\"><\/span><\/a><figcaption class=\"fg-caption\"><div class=\"fg-caption-inner\"><div class=\"fg-caption-title\">Nazar\u00e9 Leuchtfeuer.<\/div><\/div><\/figcaption><\/figure><div class=\"fg-loader\"><\/div><\/div><div class=\"fg-item fg-type-image fg-idle\"><figure class=\"fg-item-inner\"><a href=\"http:\/\/blog.sy-danja.de\/wp-content\/uploads\/sites\/2\/2019\/10\/17_Nazare_1000px.jpg\" data-attachment-id=\"1456\" data-type=\"image\" class=\"fg-thumb\" rel=\"lightbox[1472]\"><span class=\"fg-image-wrap\"><img decoding=\"async\" width=\"150\" height=\"100\" class=\"skip-lazy fg-image\" data-src-fg=\"http:\/\/blog.sy-danja.de\/wp-content\/uploads\/sites\/2\/cache\/2019\/10\/17_Nazare_1000px\/1736257605.jpg\" src=\"data:image\/svg+xml,%3Csvg%20xmlns%3D%22http%3A%2F%2Fwww.w3.org%2F2000%2Fsvg%22%20width%3D%22150%22%20height%3D%22100%22%20viewBox%3D%220%200%20150%20100%22%3E%3C%2Fsvg%3E\" loading=\"eager\"><\/span><span class=\"fg-image-overlay\"><\/span><\/a><\/figure><div class=\"fg-loader\"><\/div><\/div><div class=\"fg-item fg-type-image fg-idle\"><figure class=\"fg-item-inner\"><a href=\"http:\/\/blog.sy-danja.de\/wp-content\/uploads\/sites\/2\/2019\/10\/18_Nazare_1000px.jpg\" data-caption-title=\"Hallo of Fame im Forte de Sao Miguel Arcanjo.\" data-attachment-id=\"1457\" data-type=\"image\" class=\"fg-thumb\" rel=\"lightbox[1472]\"><span class=\"fg-image-wrap\"><img decoding=\"async\" title=\"Hallo of Fame im Forte de Sao Miguel Arcanjo.\" width=\"150\" height=\"100\" class=\"skip-lazy fg-image\" data-src-fg=\"http:\/\/blog.sy-danja.de\/wp-content\/uploads\/sites\/2\/cache\/2019\/10\/18_Nazare_1000px\/1164399544.jpg\" src=\"data:image\/svg+xml,%3Csvg%20xmlns%3D%22http%3A%2F%2Fwww.w3.org%2F2000%2Fsvg%22%20width%3D%22150%22%20height%3D%22100%22%20viewBox%3D%220%200%20150%20100%22%3E%3C%2Fsvg%3E\" loading=\"eager\"><\/span><span class=\"fg-image-overlay\"><\/span><\/a><figcaption class=\"fg-caption\"><div class=\"fg-caption-inner\"><div class=\"fg-caption-title\">Hallo of Fame im Forte de Sao Miguel Arcanjo.<\/div><\/div><\/figcaption><\/figure><div class=\"fg-loader\"><\/div><\/div><div class=\"fg-item fg-type-image fg-idle\"><figure class=\"fg-item-inner\"><a href=\"http:\/\/blog.sy-danja.de\/wp-content\/uploads\/sites\/2\/2019\/10\/19_Nazare_1000px.jpg\" data-caption-title=\"Praia do Norte. Kleine Big Waves ...\" data-attachment-id=\"1458\" data-type=\"image\" class=\"fg-thumb\" rel=\"lightbox[1472]\"><span class=\"fg-image-wrap\"><img decoding=\"async\" title=\"Praia do Norte. Kleine Big Waves ...\" width=\"150\" height=\"100\" class=\"skip-lazy fg-image\" data-src-fg=\"http:\/\/blog.sy-danja.de\/wp-content\/uploads\/sites\/2\/cache\/2019\/10\/19_Nazare_1000px\/1603967844.jpg\" src=\"data:image\/svg+xml,%3Csvg%20xmlns%3D%22http%3A%2F%2Fwww.w3.org%2F2000%2Fsvg%22%20width%3D%22150%22%20height%3D%22100%22%20viewBox%3D%220%200%20150%20100%22%3E%3C%2Fsvg%3E\" loading=\"eager\"><\/span><span class=\"fg-image-overlay\"><\/span><\/a><figcaption class=\"fg-caption\"><div class=\"fg-caption-inner\"><div class=\"fg-caption-title\">Praia do Norte. Kleine Big Waves ...<\/div><\/div><\/figcaption><\/figure><div class=\"fg-loader\"><\/div><\/div><div class=\"fg-item fg-type-image fg-idle\"><figure class=\"fg-item-inner\"><a href=\"http:\/\/blog.sy-danja.de\/wp-content\/uploads\/sites\/2\/2019\/10\/20_Nazare_1000px.jpg\" data-caption-title=\"Praia do Norte\" data-attachment-id=\"1459\" data-type=\"image\" class=\"fg-thumb\" rel=\"lightbox[1472]\"><span class=\"fg-image-wrap\"><img decoding=\"async\" title=\"Praia do Norte\" width=\"150\" height=\"113\" class=\"skip-lazy fg-image\" data-src-fg=\"http:\/\/blog.sy-danja.de\/wp-content\/uploads\/sites\/2\/cache\/2019\/10\/20_Nazare_1000px\/2039782180.jpg\" src=\"data:image\/svg+xml,%3Csvg%20xmlns%3D%22http%3A%2F%2Fwww.w3.org%2F2000%2Fsvg%22%20width%3D%22150%22%20height%3D%22113%22%20viewBox%3D%220%200%20150%20113%22%3E%3C%2Fsvg%3E\" loading=\"eager\"><\/span><span class=\"fg-image-overlay\"><\/span><\/a><figcaption class=\"fg-caption\"><div class=\"fg-caption-inner\"><div class=\"fg-caption-title\">Praia do Norte<\/div><\/div><\/figcaption><\/figure><div class=\"fg-loader\"><\/div><\/div><div class=\"fg-item fg-type-image fg-idle\"><figure class=\"fg-item-inner\"><a href=\"http:\/\/blog.sy-danja.de\/wp-content\/uploads\/sites\/2\/2019\/10\/21_Nazare_1000px.jpg\" data-caption-title=\"Praia do Norte\" data-attachment-id=\"1460\" data-type=\"image\" class=\"fg-thumb\" rel=\"lightbox[1472]\"><span class=\"fg-image-wrap\"><img decoding=\"async\" title=\"Praia do Norte\" width=\"150\" height=\"100\" class=\"skip-lazy fg-image\" data-src-fg=\"http:\/\/blog.sy-danja.de\/wp-content\/uploads\/sites\/2\/cache\/2019\/10\/21_Nazare_1000px\/234395434.jpg\" src=\"data:image\/svg+xml,%3Csvg%20xmlns%3D%22http%3A%2F%2Fwww.w3.org%2F2000%2Fsvg%22%20width%3D%22150%22%20height%3D%22100%22%20viewBox%3D%220%200%20150%20100%22%3E%3C%2Fsvg%3E\" loading=\"eager\"><\/span><span class=\"fg-image-overlay\"><\/span><\/a><figcaption class=\"fg-caption\"><div class=\"fg-caption-inner\"><div class=\"fg-caption-title\">Praia do Norte<\/div><\/div><\/figcaption><\/figure><div class=\"fg-loader\"><\/div><\/div><div class=\"fg-item fg-type-image fg-idle\"><figure class=\"fg-item-inner\"><a href=\"http:\/\/blog.sy-danja.de\/wp-content\/uploads\/sites\/2\/2019\/10\/22_Nazare_1000px.jpg\" data-caption-title=\"Praia do Norte\" data-attachment-id=\"1461\" data-type=\"image\" class=\"fg-thumb\" rel=\"lightbox[1472]\"><span class=\"fg-image-wrap\"><img decoding=\"async\" title=\"Praia do Norte\" width=\"150\" height=\"113\" class=\"skip-lazy fg-image\" data-src-fg=\"http:\/\/blog.sy-danja.de\/wp-content\/uploads\/sites\/2\/cache\/2019\/10\/22_Nazare_1000px\/3389014487.jpg\" src=\"data:image\/svg+xml,%3Csvg%20xmlns%3D%22http%3A%2F%2Fwww.w3.org%2F2000%2Fsvg%22%20width%3D%22150%22%20height%3D%22113%22%20viewBox%3D%220%200%20150%20113%22%3E%3C%2Fsvg%3E\" loading=\"eager\"><\/span><span class=\"fg-image-overlay\"><\/span><\/a><figcaption class=\"fg-caption\"><div class=\"fg-caption-inner\"><div class=\"fg-caption-title\">Praia do Norte<\/div><\/div><\/figcaption><\/figure><div class=\"fg-loader\"><\/div><\/div><div class=\"fg-item fg-type-image fg-idle\"><figure class=\"fg-item-inner\"><a href=\"http:\/\/blog.sy-danja.de\/wp-content\/uploads\/sites\/2\/2019\/10\/23_Nazare_1000px.jpg\" data-caption-title=\"Plattform unterhalb des Forte de Sao Miguel. Kalte Dusche inklusive.\" data-attachment-id=\"1462\" data-type=\"image\" class=\"fg-thumb\" rel=\"lightbox[1472]\"><span class=\"fg-image-wrap\"><img decoding=\"async\" title=\"Plattform unterhalb des Forte de Sao Miguel. Kalte Dusche inklusive.\" width=\"150\" height=\"113\" class=\"skip-lazy fg-image\" data-src-fg=\"http:\/\/blog.sy-danja.de\/wp-content\/uploads\/sites\/2\/cache\/2019\/10\/23_Nazare_1000px\/98152337.jpg\" src=\"data:image\/svg+xml,%3Csvg%20xmlns%3D%22http%3A%2F%2Fwww.w3.org%2F2000%2Fsvg%22%20width%3D%22150%22%20height%3D%22113%22%20viewBox%3D%220%200%20150%20113%22%3E%3C%2Fsvg%3E\" loading=\"eager\"><\/span><span class=\"fg-image-overlay\"><\/span><\/a><figcaption class=\"fg-caption\"><div class=\"fg-caption-inner\"><div class=\"fg-caption-title\">Plattform unterhalb des Forte de Sao Miguel. Kalte Dusche inklusive.<\/div><\/div><\/figcaption><\/figure><div class=\"fg-loader\"><\/div><\/div><div class=\"fg-item fg-type-image fg-idle\"><figure class=\"fg-item-inner\"><a href=\"http:\/\/blog.sy-danja.de\/wp-content\/uploads\/sites\/2\/2019\/10\/24_Nazare_1000px.jpg\" data-caption-title=\"Praia do Norte. Wellenh\u00f6he 6-8 Meter, geschuldet der besonderen Topographie des Meeresbodens.\" data-attachment-id=\"1463\" data-type=\"image\" class=\"fg-thumb\" rel=\"lightbox[1472]\"><span class=\"fg-image-wrap\"><img decoding=\"async\" title=\"Praia do Norte. Wellenh\u00f6he 6-8 Meter, geschuldet der besonderen Topographie des Meeresbodens.\" width=\"150\" height=\"100\" class=\"skip-lazy fg-image\" data-src-fg=\"http:\/\/blog.sy-danja.de\/wp-content\/uploads\/sites\/2\/cache\/2019\/10\/24_Nazare_1000px\/2659248748.jpg\" src=\"data:image\/svg+xml,%3Csvg%20xmlns%3D%22http%3A%2F%2Fwww.w3.org%2F2000%2Fsvg%22%20width%3D%22150%22%20height%3D%22100%22%20viewBox%3D%220%200%20150%20100%22%3E%3C%2Fsvg%3E\" loading=\"eager\"><\/span><span class=\"fg-image-overlay\"><\/span><\/a><figcaption class=\"fg-caption\"><div class=\"fg-caption-inner\"><div class=\"fg-caption-title\">Praia do Norte. Wellenh\u00f6he 6-8 Meter, geschuldet der besonderen Topographie des Meeresbodens.<\/div><\/div><\/figcaption><\/figure><div class=\"fg-loader\"><\/div><\/div><div class=\"fg-item fg-type-image fg-idle\"><figure class=\"fg-item-inner\"><a href=\"http:\/\/blog.sy-danja.de\/wp-content\/uploads\/sites\/2\/2019\/10\/25_Nazare_1000px.jpg\" data-caption-title=\"Praia do Norte. Wellenh\u00f6he 6-8 Meter, geschuldet der besonderen Topographie des Meeresbodens.\" data-attachment-id=\"1464\" data-type=\"image\" class=\"fg-thumb\" rel=\"lightbox[1472]\"><span class=\"fg-image-wrap\"><img decoding=\"async\" title=\"Praia do Norte. Wellenh\u00f6he 6-8 Meter, geschuldet der besonderen Topographie des Meeresbodens.\" width=\"150\" height=\"100\" class=\"skip-lazy fg-image\" data-src-fg=\"http:\/\/blog.sy-danja.de\/wp-content\/uploads\/sites\/2\/cache\/2019\/10\/25_Nazare_1000px\/498787932.jpg\" src=\"data:image\/svg+xml,%3Csvg%20xmlns%3D%22http%3A%2F%2Fwww.w3.org%2F2000%2Fsvg%22%20width%3D%22150%22%20height%3D%22100%22%20viewBox%3D%220%200%20150%20100%22%3E%3C%2Fsvg%3E\" loading=\"eager\"><\/span><span class=\"fg-image-overlay\"><\/span><\/a><figcaption class=\"fg-caption\"><div class=\"fg-caption-inner\"><div class=\"fg-caption-title\">Praia do Norte. Wellenh\u00f6he 6-8 Meter, geschuldet der besonderen Topographie des Meeresbodens.<\/div><\/div><\/figcaption><\/figure><div class=\"fg-loader\"><\/div><\/div><div class=\"fg-item fg-type-image fg-idle\"><figure class=\"fg-item-inner\"><a href=\"http:\/\/blog.sy-danja.de\/wp-content\/uploads\/sites\/2\/2019\/10\/26_Nazare_1000px.jpg\" data-caption-title=\"Plattform unterhalb des Forte de Sao Miguel. Kalte Dusche inklusive.\" data-attachment-id=\"1465\" data-type=\"image\" class=\"fg-thumb\" rel=\"lightbox[1472]\"><span class=\"fg-image-wrap\"><img decoding=\"async\" title=\"Plattform unterhalb des Forte de Sao Miguel. Kalte Dusche inklusive.\" width=\"150\" height=\"100\" class=\"skip-lazy fg-image\" data-src-fg=\"http:\/\/blog.sy-danja.de\/wp-content\/uploads\/sites\/2\/cache\/2019\/10\/26_Nazare_1000px\/3661770913.jpg\" src=\"data:image\/svg+xml,%3Csvg%20xmlns%3D%22http%3A%2F%2Fwww.w3.org%2F2000%2Fsvg%22%20width%3D%22150%22%20height%3D%22100%22%20viewBox%3D%220%200%20150%20100%22%3E%3C%2Fsvg%3E\" loading=\"eager\"><\/span><span class=\"fg-image-overlay\"><\/span><\/a><figcaption class=\"fg-caption\"><div class=\"fg-caption-inner\"><div class=\"fg-caption-title\">Plattform unterhalb des Forte de Sao Miguel. Kalte Dusche inklusive.<\/div><\/div><\/figcaption><\/figure><div class=\"fg-loader\"><\/div><\/div><div class=\"fg-item fg-type-image fg-idle\"><figure class=\"fg-item-inner\"><a href=\"http:\/\/blog.sy-danja.de\/wp-content\/uploads\/sites\/2\/2019\/10\/27_Nazare_1000px.jpg\" data-caption-title=\"Plattform unterhalb des Forte de Sao Miguel. Kalte Dusche inklusive.\" data-attachment-id=\"1466\" data-type=\"image\" class=\"fg-thumb\" rel=\"lightbox[1472]\"><span class=\"fg-image-wrap\"><img decoding=\"async\" title=\"Plattform unterhalb des Forte de Sao Miguel. Kalte Dusche inklusive.\" width=\"150\" height=\"100\" class=\"skip-lazy fg-image\" data-src-fg=\"http:\/\/blog.sy-danja.de\/wp-content\/uploads\/sites\/2\/cache\/2019\/10\/27_Nazare_1000px\/362536679.jpg\" src=\"data:image\/svg+xml,%3Csvg%20xmlns%3D%22http%3A%2F%2Fwww.w3.org%2F2000%2Fsvg%22%20width%3D%22150%22%20height%3D%22100%22%20viewBox%3D%220%200%20150%20100%22%3E%3C%2Fsvg%3E\" loading=\"eager\"><\/span><span class=\"fg-image-overlay\"><\/span><\/a><figcaption class=\"fg-caption\"><div class=\"fg-caption-inner\"><div class=\"fg-caption-title\">Plattform unterhalb des Forte de Sao Miguel. Kalte Dusche inklusive.<\/div><\/div><\/figcaption><\/figure><div class=\"fg-loader\"><\/div><\/div><div class=\"fg-item fg-type-image fg-idle\"><figure class=\"fg-item-inner\"><a href=\"http:\/\/blog.sy-danja.de\/wp-content\/uploads\/sites\/2\/2019\/10\/28_Nazare_1000px.jpg\" data-caption-title=\"Praia do Norte. Surf-Training am Nachmittag.\" data-attachment-id=\"1467\" data-type=\"image\" class=\"fg-thumb\" rel=\"lightbox[1472]\"><span class=\"fg-image-wrap\"><img decoding=\"async\" title=\"Praia do Norte. Surf-Training am Nachmittag.\" width=\"150\" height=\"100\" class=\"skip-lazy fg-image\" data-src-fg=\"http:\/\/blog.sy-danja.de\/wp-content\/uploads\/sites\/2\/cache\/2019\/10\/28_Nazare_1000px\/931249434.jpg\" src=\"data:image\/svg+xml,%3Csvg%20xmlns%3D%22http%3A%2F%2Fwww.w3.org%2F2000%2Fsvg%22%20width%3D%22150%22%20height%3D%22100%22%20viewBox%3D%220%200%20150%20100%22%3E%3C%2Fsvg%3E\" loading=\"eager\"><\/span><span class=\"fg-image-overlay\"><\/span><\/a><figcaption class=\"fg-caption\"><div class=\"fg-caption-inner\"><div class=\"fg-caption-title\">Praia do Norte. Surf-Training am Nachmittag.<\/div><\/div><\/figcaption><\/figure><div class=\"fg-loader\"><\/div><\/div><div class=\"fg-item fg-type-image fg-idle\"><figure class=\"fg-item-inner\"><a href=\"http:\/\/blog.sy-danja.de\/wp-content\/uploads\/sites\/2\/2019\/10\/29_Nazare_1000px.jpg\" data-caption-title=\"Praia do Norte. Surf-Training am Nachmittag.\" data-attachment-id=\"1468\" data-type=\"image\" class=\"fg-thumb\" rel=\"lightbox[1472]\"><span class=\"fg-image-wrap\"><img decoding=\"async\" title=\"Praia do Norte. Surf-Training am Nachmittag.\" width=\"150\" height=\"100\" class=\"skip-lazy fg-image\" data-src-fg=\"http:\/\/blog.sy-danja.de\/wp-content\/uploads\/sites\/2\/cache\/2019\/10\/29_Nazare_1000px\/763131334.jpg\" src=\"data:image\/svg+xml,%3Csvg%20xmlns%3D%22http%3A%2F%2Fwww.w3.org%2F2000%2Fsvg%22%20width%3D%22150%22%20height%3D%22100%22%20viewBox%3D%220%200%20150%20100%22%3E%3C%2Fsvg%3E\" loading=\"eager\"><\/span><span class=\"fg-image-overlay\"><\/span><\/a><figcaption class=\"fg-caption\"><div class=\"fg-caption-inner\"><div class=\"fg-caption-title\">Praia do Norte. Surf-Training am Nachmittag.<\/div><\/div><\/figcaption><\/figure><div class=\"fg-loader\"><\/div><\/div><div class=\"fg-item fg-type-image fg-idle\"><figure class=\"fg-item-inner\"><a href=\"http:\/\/blog.sy-danja.de\/wp-content\/uploads\/sites\/2\/2019\/10\/30_Nazare_1000px.jpg\" data-caption-title=\"Praia do Norte.\" data-attachment-id=\"1469\" data-type=\"image\" class=\"fg-thumb\" rel=\"lightbox[1472]\"><span class=\"fg-image-wrap\"><img decoding=\"async\" title=\"Praia do Norte.\" width=\"150\" height=\"100\" class=\"skip-lazy fg-image\" data-src-fg=\"http:\/\/blog.sy-danja.de\/wp-content\/uploads\/sites\/2\/cache\/2019\/10\/30_Nazare_1000px\/3873744495.jpg\" src=\"data:image\/svg+xml,%3Csvg%20xmlns%3D%22http%3A%2F%2Fwww.w3.org%2F2000%2Fsvg%22%20width%3D%22150%22%20height%3D%22100%22%20viewBox%3D%220%200%20150%20100%22%3E%3C%2Fsvg%3E\" loading=\"eager\"><\/span><span class=\"fg-image-overlay\"><\/span><\/a><figcaption class=\"fg-caption\"><div class=\"fg-caption-inner\"><div class=\"fg-caption-title\">Praia do Norte.<\/div><\/div><\/figcaption><\/figure><div class=\"fg-loader\"><\/div><\/div><div class=\"fg-item fg-type-image fg-idle\"><figure class=\"fg-item-inner\"><a href=\"http:\/\/blog.sy-danja.de\/wp-content\/uploads\/sites\/2\/2019\/10\/31_Nazare_1000px.jpg\" data-caption-title=\"&quot;Neustadt&quot; Nazar\u00e9 und Hafen.\" data-attachment-id=\"1470\" data-type=\"image\" class=\"fg-thumb\" rel=\"lightbox[1472]\"><span class=\"fg-image-wrap\"><img decoding=\"async\" title=\"&quot;Neustadt&quot; Nazar\u00e9 und Hafen.\" width=\"150\" height=\"100\" class=\"skip-lazy fg-image\" data-src-fg=\"http:\/\/blog.sy-danja.de\/wp-content\/uploads\/sites\/2\/cache\/2019\/10\/31_Nazare_1000px\/598028980.jpg\" src=\"data:image\/svg+xml,%3Csvg%20xmlns%3D%22http%3A%2F%2Fwww.w3.org%2F2000%2Fsvg%22%20width%3D%22150%22%20height%3D%22100%22%20viewBox%3D%220%200%20150%20100%22%3E%3C%2Fsvg%3E\" loading=\"eager\"><\/span><span class=\"fg-image-overlay\"><\/span><\/a><figcaption class=\"fg-caption\"><div class=\"fg-caption-inner\"><div class=\"fg-caption-title\">\"Neustadt\" Nazar\u00e9 und Hafen.<\/div><\/div><\/figcaption><\/figure><div class=\"fg-loader\"><\/div><\/div><\/div>\n","protected":false},"excerpt":{"rendered":"","protected":false},"author":2,"featured_media":0,"comment_status":"open","ping_status":"closed","sticky":false,"template":"","format":"gallery","meta":{"footnotes":""},"categories":[39],"tags":[53,47,57,48],"class_list":["post-1472","post","type-post","status-publish","format-gallery","hentry","category-segelzeit","tag-atlantik","tag-langfahrt","tag-portugal","tag-segelzeit","post_format-post-format-gallery"],"_links":{"self":[{"href":"http:\/\/blog.sy-danja.de\/index.php?rest_route=\/wp\/v2\/posts\/1472","targetHints":{"allow":["GET"]}}],"collection":[{"href":"http:\/\/blog.sy-danja.de\/index.php?rest_route=\/wp\/v2\/posts"}],"about":[{"href":"http:\/\/blog.sy-danja.de\/index.php?rest_route=\/wp\/v2\/types\/post"}],"author":[{"embeddable":true,"href":"http:\/\/blog.sy-danja.de\/index.php?rest_route=\/wp\/v2\/users\/2"}],"replies":[{"embeddable":true,"href":"http:\/\/blog.sy-danja.de\/index.php?rest_route=%2Fwp%2Fv2%2Fcomments&post=1472"}],"version-history":[{"count":1,"href":"http:\/\/blog.sy-danja.de\/index.php?rest_route=\/wp\/v2\/posts\/1472\/revisions"}],"predecessor-version":[{"id":1473,"href":"http:\/\/blog.sy-danja.de\/index.php?rest_route=\/wp\/v2\/posts\/1472\/revisions\/1473"}],"wp:attachment":[{"href":"http:\/\/blog.sy-danja.de\/index.php?rest_route=%2Fwp%2Fv2%2Fmedia&parent=1472"}],"wp:term":[{"taxonomy":"category","embeddable":true,"href":"http:\/\/blog.sy-danja.de\/index.php?rest_route=%2Fwp%2Fv2%2Fcategories&post=1472"},{"taxonomy":"post_tag","embeddable":true,"href":"http:\/\/blog.sy-danja.de\/index.php?rest_route=%2Fwp%2Fv2%2Ftags&post=1472"}],"curies":[{"name":"wp","href":"https:\/\/api.w.org\/{rel}","templated":true}]}}