{"id":2949,"date":"2021-08-30T23:02:07","date_gmt":"2021-08-30T21:02:07","guid":{"rendered":"http:\/\/blog.sy-danja.de\/?p=2949"},"modified":"2021-08-30T23:02:07","modified_gmt":"2021-08-30T21:02:07","slug":"wanderung-zum-sanctuario-de-las-nieves","status":"publish","type":"post","link":"http:\/\/blog.sy-danja.de\/?p=2949","title":{"rendered":"Wanderung zum Sanctuario de Las Nieves"},"content":{"rendered":"<p>Bilder unserer Wanderung von Santa Cruz de Teneriffa zum Sanctuario des Las Nieves. In der dortigen Wallfahrtskirche findet sich die derzeit \u00e4lteste Marienfigur der Kanarischen Inseln, Nuestra Se\u00f1ora la Virgen de las Nieves (Unsere Liebe Frau des Schnees), gleichzeitig Schutzpatronin der Insel La Palma. N\u00e4heres dazu hier: <a href=\"https:\/\/es.wikipedia.org\/wiki\/Nuestra_Se%C3%B1ora_de_las_Nieves_(La_Palma)\">Link<\/a><\/p>\n<style type=\"text\/css\">\n#foogallery-gallery-2948.fg-masonry .fg-item { width: 150px; }\n#foogallery-gallery-2948.fg-masonry { --fg-gutter: 10px; }<\/style>\n\t\t\t<div class=\"foogallery foogallery-container foogallery-masonry foogallery-lightbox-none fg-masonry fg-ready fg-light fg-loading-default fg-loaded-fade-in fg-hover-scale fg-hover-fade fg-fixed\" id=\"foogallery-gallery-2948\" data-foogallery=\"{&quot;item&quot;:{&quot;showCaptionTitle&quot;:true,&quot;showCaptionDescription&quot;:true},&quot;lazy&quot;:true,&quot;template&quot;:{&quot;columnWidth&quot;:150,&quot;gutter&quot;:10}}\" style=\"--fg-title-line-clamp: 0; --fg-description-line-clamp: 0;\" >\n\t\t<div class=\"fg-item fg-type-image fg-idle\"><figure class=\"fg-item-inner\"><a href=\"http:\/\/blog.sy-danja.de\/wp-content\/uploads\/sites\/2\/2021\/08\/10_Las-Nieves_1000px.jpg\" data-caption-title=\"Wir gewinnen H\u00f6henmeter... Blick zur\u00fcck auf Santa Cruz de La Palma\" data-attachment-id=\"2931\" data-type=\"image\" class=\"fg-thumb\" rel=\"lightbox[2949]\"><span class=\"fg-image-wrap\"><img decoding=\"async\" title=\"Wir gewinnen H\u00f6henmeter... Blick zur\u00fcck auf Santa Cruz de La Palma\" width=\"150\" height=\"84\" class=\"skip-lazy fg-image\" data-src-fg=\"http:\/\/blog.sy-danja.de\/wp-content\/uploads\/sites\/2\/cache\/2021\/08\/10_Las-Nieves_1000px\/3880462129.jpg\" src=\"data:image\/svg+xml,%3Csvg%20xmlns%3D%22http%3A%2F%2Fwww.w3.org%2F2000%2Fsvg%22%20width%3D%22150%22%20height%3D%2284%22%20viewBox%3D%220%200%20150%2084%22%3E%3C%2Fsvg%3E\" loading=\"eager\"><\/span><span class=\"fg-image-overlay\"><\/span><\/a><figcaption class=\"fg-caption\"><div class=\"fg-caption-inner\"><div class=\"fg-caption-title\">Wir gewinnen H\u00f6henmeter... Blick zur\u00fcck auf Santa Cruz de La Palma<\/div><\/div><\/figcaption><\/figure><div class=\"fg-loader\"><\/div><\/div><div class=\"fg-item fg-type-image fg-idle\"><figure class=\"fg-item-inner\"><a href=\"http:\/\/blog.sy-danja.de\/wp-content\/uploads\/sites\/2\/2021\/08\/11_Las-Nieves_1000px.jpg\" data-caption-title=\"Wir folgen dem Verlauf ehemaliger Bew\u00e4sserungskan\u00e4le\" data-attachment-id=\"2932\" data-type=\"image\" class=\"fg-thumb\" rel=\"lightbox[2949]\"><span class=\"fg-image-wrap\"><img decoding=\"async\" title=\"Wir folgen dem Verlauf ehemaliger Bew\u00e4sserungskan\u00e4le\" width=\"150\" height=\"84\" class=\"skip-lazy fg-image\" data-src-fg=\"http:\/\/blog.sy-danja.de\/wp-content\/uploads\/sites\/2\/cache\/2021\/08\/11_Las-Nieves_1000px\/2708044813.jpg\" src=\"data:image\/svg+xml,%3Csvg%20xmlns%3D%22http%3A%2F%2Fwww.w3.org%2F2000%2Fsvg%22%20width%3D%22150%22%20height%3D%2284%22%20viewBox%3D%220%200%20150%2084%22%3E%3C%2Fsvg%3E\" loading=\"eager\"><\/span><span class=\"fg-image-overlay\"><\/span><\/a><figcaption class=\"fg-caption\"><div class=\"fg-caption-inner\"><div class=\"fg-caption-title\">Wir folgen dem Verlauf ehemaliger Bew\u00e4sserungskan\u00e4le<\/div><\/div><\/figcaption><\/figure><div class=\"fg-loader\"><\/div><\/div><div class=\"fg-item fg-type-image fg-idle\"><figure class=\"fg-item-inner\"><a href=\"http:\/\/blog.sy-danja.de\/wp-content\/uploads\/sites\/2\/2021\/08\/12_Las-Nieves_1000px.jpg\" data-caption-title=\"Wasserwerke auf dem hinauf nach Las Nieves\" data-attachment-id=\"2933\" data-type=\"image\" class=\"fg-thumb\" rel=\"lightbox[2949]\"><span class=\"fg-image-wrap\"><img decoding=\"async\" title=\"Wasserwerke auf dem hinauf nach Las Nieves\" width=\"150\" height=\"84\" class=\"skip-lazy fg-image\" data-src-fg=\"http:\/\/blog.sy-danja.de\/wp-content\/uploads\/sites\/2\/cache\/2021\/08\/12_Las-Nieves_1000px\/2231682899.jpg\" src=\"data:image\/svg+xml,%3Csvg%20xmlns%3D%22http%3A%2F%2Fwww.w3.org%2F2000%2Fsvg%22%20width%3D%22150%22%20height%3D%2284%22%20viewBox%3D%220%200%20150%2084%22%3E%3C%2Fsvg%3E\" loading=\"eager\"><\/span><span class=\"fg-image-overlay\"><\/span><\/a><figcaption class=\"fg-caption\"><div class=\"fg-caption-inner\"><div class=\"fg-caption-title\">Wasserwerke auf dem hinauf nach Las Nieves<\/div><\/div><\/figcaption><\/figure><div class=\"fg-loader\"><\/div><\/div><div class=\"fg-item fg-type-image fg-idle\"><figure class=\"fg-item-inner\"><a href=\"http:\/\/blog.sy-danja.de\/wp-content\/uploads\/sites\/2\/2021\/08\/13_Las-Nieves_1000px.jpg\" data-attachment-id=\"2934\" data-type=\"image\" class=\"fg-thumb\" rel=\"lightbox[2949]\"><span class=\"fg-image-wrap\"><img decoding=\"async\" width=\"150\" height=\"113\" class=\"skip-lazy fg-image\" data-src-fg=\"http:\/\/blog.sy-danja.de\/wp-content\/uploads\/sites\/2\/cache\/2021\/08\/13_Las-Nieves_1000px\/757975669.jpg\" src=\"data:image\/svg+xml,%3Csvg%20xmlns%3D%22http%3A%2F%2Fwww.w3.org%2F2000%2Fsvg%22%20width%3D%22150%22%20height%3D%22113%22%20viewBox%3D%220%200%20150%20113%22%3E%3C%2Fsvg%3E\" loading=\"eager\"><\/span><span class=\"fg-image-overlay\"><\/span><\/a><\/figure><div class=\"fg-loader\"><\/div><\/div><div class=\"fg-item fg-type-image fg-idle\"><figure class=\"fg-item-inner\"><a href=\"http:\/\/blog.sy-danja.de\/wp-content\/uploads\/sites\/2\/2021\/08\/14_Las-Nieves_1000px.jpg\" data-caption-title=\"Sieht man auch nicht so oft...\" data-attachment-id=\"2935\" data-type=\"image\" class=\"fg-thumb\" rel=\"lightbox[2949]\"><span class=\"fg-image-wrap\"><img decoding=\"async\" title=\"Sieht man auch nicht so oft...\" width=\"150\" height=\"113\" class=\"skip-lazy fg-image\" data-src-fg=\"http:\/\/blog.sy-danja.de\/wp-content\/uploads\/sites\/2\/cache\/2021\/08\/14_Las-Nieves_1000px\/601155573.jpg\" src=\"data:image\/svg+xml,%3Csvg%20xmlns%3D%22http%3A%2F%2Fwww.w3.org%2F2000%2Fsvg%22%20width%3D%22150%22%20height%3D%22113%22%20viewBox%3D%220%200%20150%20113%22%3E%3C%2Fsvg%3E\" loading=\"eager\"><\/span><span class=\"fg-image-overlay\"><\/span><\/a><figcaption class=\"fg-caption\"><div class=\"fg-caption-inner\"><div class=\"fg-caption-title\">Sieht man auch nicht so oft...<\/div><\/div><\/figcaption><\/figure><div class=\"fg-loader\"><\/div><\/div><div class=\"fg-item fg-type-image fg-idle\"><figure class=\"fg-item-inner\"><a href=\"http:\/\/blog.sy-danja.de\/wp-content\/uploads\/sites\/2\/2021\/08\/15_Las-Nieves_1000px.jpg\" data-caption-title=\"Mehr Natur entlang des Weges\" data-attachment-id=\"2936\" data-type=\"image\" class=\"fg-thumb\" rel=\"lightbox[2949]\"><span class=\"fg-image-wrap\"><img decoding=\"async\" title=\"Mehr Natur entlang des Weges\" width=\"150\" height=\"113\" class=\"skip-lazy fg-image\" data-src-fg=\"http:\/\/blog.sy-danja.de\/wp-content\/uploads\/sites\/2\/cache\/2021\/08\/15_Las-Nieves_1000px\/1710669001.jpg\" src=\"data:image\/svg+xml,%3Csvg%20xmlns%3D%22http%3A%2F%2Fwww.w3.org%2F2000%2Fsvg%22%20width%3D%22150%22%20height%3D%22113%22%20viewBox%3D%220%200%20150%20113%22%3E%3C%2Fsvg%3E\" loading=\"eager\"><\/span><span class=\"fg-image-overlay\"><\/span><\/a><figcaption class=\"fg-caption\"><div class=\"fg-caption-inner\"><div class=\"fg-caption-title\">Mehr Natur entlang des Weges<\/div><\/div><\/figcaption><\/figure><div class=\"fg-loader\"><\/div><\/div><div class=\"fg-item fg-type-image fg-idle\"><figure class=\"fg-item-inner\"><a href=\"http:\/\/blog.sy-danja.de\/wp-content\/uploads\/sites\/2\/2021\/08\/16_Las-Nieves_1000px.jpg\" data-caption-title=\"Wir erreichen die W\u00e4lder oberhalb der Stadt Santa Cruz de La Palma\" data-attachment-id=\"2937\" data-type=\"image\" class=\"fg-thumb\" rel=\"lightbox[2949]\"><span class=\"fg-image-wrap\"><img decoding=\"async\" title=\"Wir erreichen die W\u00e4lder oberhalb der Stadt Santa Cruz de La Palma\" width=\"150\" height=\"84\" class=\"skip-lazy fg-image\" data-src-fg=\"http:\/\/blog.sy-danja.de\/wp-content\/uploads\/sites\/2\/cache\/2021\/08\/16_Las-Nieves_1000px\/1100679063.jpg\" src=\"data:image\/svg+xml,%3Csvg%20xmlns%3D%22http%3A%2F%2Fwww.w3.org%2F2000%2Fsvg%22%20width%3D%22150%22%20height%3D%2284%22%20viewBox%3D%220%200%20150%2084%22%3E%3C%2Fsvg%3E\" loading=\"eager\"><\/span><span class=\"fg-image-overlay\"><\/span><\/a><figcaption class=\"fg-caption\"><div class=\"fg-caption-inner\"><div class=\"fg-caption-title\">Wir erreichen die W\u00e4lder oberhalb der Stadt Santa Cruz de La Palma<\/div><\/div><\/figcaption><\/figure><div class=\"fg-loader\"><\/div><\/div><div class=\"fg-item fg-type-image fg-idle\"><figure class=\"fg-item-inner\"><a href=\"http:\/\/blog.sy-danja.de\/wp-content\/uploads\/sites\/2\/2021\/08\/17_Las-Nieves_1000px.jpg\" data-caption-title=\"La Palma Panorama...\" data-attachment-id=\"2938\" data-type=\"image\" class=\"fg-thumb\" rel=\"lightbox[2949]\"><span class=\"fg-image-wrap\"><img decoding=\"async\" title=\"La Palma Panorama...\" width=\"150\" height=\"84\" class=\"skip-lazy fg-image\" data-src-fg=\"http:\/\/blog.sy-danja.de\/wp-content\/uploads\/sites\/2\/cache\/2021\/08\/17_Las-Nieves_1000px\/4006977732.jpg\" src=\"data:image\/svg+xml,%3Csvg%20xmlns%3D%22http%3A%2F%2Fwww.w3.org%2F2000%2Fsvg%22%20width%3D%22150%22%20height%3D%2284%22%20viewBox%3D%220%200%20150%2084%22%3E%3C%2Fsvg%3E\" loading=\"eager\"><\/span><span class=\"fg-image-overlay\"><\/span><\/a><figcaption class=\"fg-caption\"><div class=\"fg-caption-inner\"><div class=\"fg-caption-title\">La Palma Panorama...<\/div><\/div><\/figcaption><\/figure><div class=\"fg-loader\"><\/div><\/div><div class=\"fg-item fg-type-image fg-idle\"><figure class=\"fg-item-inner\"><a href=\"http:\/\/blog.sy-danja.de\/wp-content\/uploads\/sites\/2\/2021\/08\/18_Las-Nieves_1000px.jpg\" data-caption-title=\"La Palma Panorama...\" data-attachment-id=\"2939\" data-type=\"image\" class=\"fg-thumb\" rel=\"lightbox[2949]\"><span class=\"fg-image-wrap\"><img decoding=\"async\" title=\"La Palma Panorama...\" width=\"150\" height=\"113\" class=\"skip-lazy fg-image\" data-src-fg=\"http:\/\/blog.sy-danja.de\/wp-content\/uploads\/sites\/2\/cache\/2021\/08\/18_Las-Nieves_1000px\/3037044984.jpg\" src=\"data:image\/svg+xml,%3Csvg%20xmlns%3D%22http%3A%2F%2Fwww.w3.org%2F2000%2Fsvg%22%20width%3D%22150%22%20height%3D%22113%22%20viewBox%3D%220%200%20150%20113%22%3E%3C%2Fsvg%3E\" loading=\"eager\"><\/span><span class=\"fg-image-overlay\"><\/span><\/a><figcaption class=\"fg-caption\"><div class=\"fg-caption-inner\"><div class=\"fg-caption-title\">La Palma Panorama...<\/div><\/div><\/figcaption><\/figure><div class=\"fg-loader\"><\/div><\/div><div class=\"fg-item fg-type-image fg-idle\"><figure class=\"fg-item-inner\"><a href=\"http:\/\/blog.sy-danja.de\/wp-content\/uploads\/sites\/2\/2021\/08\/19_Las-Nieves_1000px.jpg\" data-caption-title=\"La Palma Panorama...\" data-attachment-id=\"2940\" data-type=\"image\" class=\"fg-thumb\" rel=\"lightbox[2949]\"><span class=\"fg-image-wrap\"><img decoding=\"async\" title=\"La Palma Panorama...\" width=\"150\" height=\"113\" class=\"skip-lazy fg-image\" data-src-fg=\"http:\/\/blog.sy-danja.de\/wp-content\/uploads\/sites\/2\/cache\/2021\/08\/19_Las-Nieves_1000px\/1064062221.jpg\" src=\"data:image\/svg+xml,%3Csvg%20xmlns%3D%22http%3A%2F%2Fwww.w3.org%2F2000%2Fsvg%22%20width%3D%22150%22%20height%3D%22113%22%20viewBox%3D%220%200%20150%20113%22%3E%3C%2Fsvg%3E\" loading=\"eager\"><\/span><span class=\"fg-image-overlay\"><\/span><\/a><figcaption class=\"fg-caption\"><div class=\"fg-caption-inner\"><div class=\"fg-caption-title\">La Palma Panorama...<\/div><\/div><\/figcaption><\/figure><div class=\"fg-loader\"><\/div><\/div><div class=\"fg-item fg-type-image fg-idle\"><figure class=\"fg-item-inner\"><a href=\"http:\/\/blog.sy-danja.de\/wp-content\/uploads\/sites\/2\/2021\/08\/20_Las-Nieves_1000px.jpg\" data-caption-title=\"Wir erreichen Las Nieves, k\u00f6nigliches Inselheiligtum La Palmas\" data-attachment-id=\"2941\" data-type=\"image\" class=\"fg-thumb\" rel=\"lightbox[2949]\"><span class=\"fg-image-wrap\"><img decoding=\"async\" title=\"Wir erreichen Las Nieves, k\u00f6nigliches Inselheiligtum La Palmas\" width=\"150\" height=\"113\" class=\"skip-lazy fg-image\" data-src-fg=\"http:\/\/blog.sy-danja.de\/wp-content\/uploads\/sites\/2\/cache\/2021\/08\/20_Las-Nieves_1000px\/3908484419.jpg\" src=\"data:image\/svg+xml,%3Csvg%20xmlns%3D%22http%3A%2F%2Fwww.w3.org%2F2000%2Fsvg%22%20width%3D%22150%22%20height%3D%22113%22%20viewBox%3D%220%200%20150%20113%22%3E%3C%2Fsvg%3E\" loading=\"eager\"><\/span><span class=\"fg-image-overlay\"><\/span><\/a><figcaption class=\"fg-caption\"><div class=\"fg-caption-inner\"><div class=\"fg-caption-title\">Wir erreichen Las Nieves, k\u00f6nigliches Inselheiligtum La Palmas<\/div><\/div><\/figcaption><\/figure><div class=\"fg-loader\"><\/div><\/div><div class=\"fg-item fg-type-image fg-idle\"><figure class=\"fg-item-inner\"><a href=\"http:\/\/blog.sy-danja.de\/wp-content\/uploads\/sites\/2\/2021\/08\/21_Las-Nieves_1000px.jpg\" data-caption-title=\"Las Nieves\" data-attachment-id=\"2942\" data-type=\"image\" class=\"fg-thumb\" rel=\"lightbox[2949]\"><span class=\"fg-image-wrap\"><img decoding=\"async\" title=\"Las Nieves\" width=\"150\" height=\"84\" class=\"skip-lazy fg-image\" data-src-fg=\"http:\/\/blog.sy-danja.de\/wp-content\/uploads\/sites\/2\/cache\/2021\/08\/21_Las-Nieves_1000px\/2933188223.jpg\" src=\"data:image\/svg+xml,%3Csvg%20xmlns%3D%22http%3A%2F%2Fwww.w3.org%2F2000%2Fsvg%22%20width%3D%22150%22%20height%3D%2284%22%20viewBox%3D%220%200%20150%2084%22%3E%3C%2Fsvg%3E\" loading=\"eager\"><\/span><span class=\"fg-image-overlay\"><\/span><\/a><figcaption class=\"fg-caption\"><div class=\"fg-caption-inner\"><div class=\"fg-caption-title\">Las Nieves<\/div><\/div><\/figcaption><\/figure><div class=\"fg-loader\"><\/div><\/div><div class=\"fg-item fg-type-image fg-idle\"><figure class=\"fg-item-inner\"><a href=\"http:\/\/blog.sy-danja.de\/wp-content\/uploads\/sites\/2\/2021\/08\/22_Las-Nieves_1000px.jpg\" data-caption-title=\"Las Nieves\" data-attachment-id=\"2943\" data-type=\"image\" class=\"fg-thumb\" rel=\"lightbox[2949]\"><span class=\"fg-image-wrap\"><img decoding=\"async\" title=\"Las Nieves\" width=\"150\" height=\"84\" class=\"skip-lazy fg-image\" data-src-fg=\"http:\/\/blog.sy-danja.de\/wp-content\/uploads\/sites\/2\/cache\/2021\/08\/22_Las-Nieves_1000px\/2327403809.jpg\" src=\"data:image\/svg+xml,%3Csvg%20xmlns%3D%22http%3A%2F%2Fwww.w3.org%2F2000%2Fsvg%22%20width%3D%22150%22%20height%3D%2284%22%20viewBox%3D%220%200%20150%2084%22%3E%3C%2Fsvg%3E\" loading=\"eager\"><\/span><span class=\"fg-image-overlay\"><\/span><\/a><figcaption class=\"fg-caption\"><div class=\"fg-caption-inner\"><div class=\"fg-caption-title\">Las Nieves<\/div><\/div><\/figcaption><\/figure><div class=\"fg-loader\"><\/div><\/div><div class=\"fg-item fg-type-image fg-idle\"><figure class=\"fg-item-inner\"><a href=\"http:\/\/blog.sy-danja.de\/wp-content\/uploads\/sites\/2\/2021\/08\/23_Las-Nieves_1000px.jpg\" data-caption-title=\"Wallfahrtskirche Las Nieves\" data-attachment-id=\"2944\" data-type=\"image\" class=\"fg-thumb\" rel=\"lightbox[2949]\"><span class=\"fg-image-wrap\"><img decoding=\"async\" title=\"Wallfahrtskirche Las Nieves\" width=\"150\" height=\"84\" class=\"skip-lazy fg-image\" data-src-fg=\"http:\/\/blog.sy-danja.de\/wp-content\/uploads\/sites\/2\/cache\/2021\/08\/23_Las-Nieves_1000px\/579883015.jpg\" src=\"data:image\/svg+xml,%3Csvg%20xmlns%3D%22http%3A%2F%2Fwww.w3.org%2F2000%2Fsvg%22%20width%3D%22150%22%20height%3D%2284%22%20viewBox%3D%220%200%20150%2084%22%3E%3C%2Fsvg%3E\" loading=\"eager\"><\/span><span class=\"fg-image-overlay\"><\/span><\/a><figcaption class=\"fg-caption\"><div class=\"fg-caption-inner\"><div class=\"fg-caption-title\">Wallfahrtskirche Las Nieves<\/div><\/div><\/figcaption><\/figure><div class=\"fg-loader\"><\/div><\/div><div class=\"fg-item fg-type-image fg-idle\"><figure class=\"fg-item-inner\"><a href=\"http:\/\/blog.sy-danja.de\/wp-content\/uploads\/sites\/2\/2021\/08\/24_Las-Nieves_1000px.jpg\" data-caption-title=\"Wallfahrtskirche &quot;Unserer lieben Frau des Schnees&quot;\" data-attachment-id=\"2945\" data-type=\"image\" class=\"fg-thumb\" rel=\"lightbox[2949]\"><span class=\"fg-image-wrap\"><img decoding=\"async\" title=\"Wallfahrtskirche &quot;Unserer lieben Frau des Schnees&quot;\" width=\"150\" height=\"84\" class=\"skip-lazy fg-image\" data-src-fg=\"http:\/\/blog.sy-danja.de\/wp-content\/uploads\/sites\/2\/cache\/2021\/08\/24_Las-Nieves_1000px\/745110919.jpg\" src=\"data:image\/svg+xml,%3Csvg%20xmlns%3D%22http%3A%2F%2Fwww.w3.org%2F2000%2Fsvg%22%20width%3D%22150%22%20height%3D%2284%22%20viewBox%3D%220%200%20150%2084%22%3E%3C%2Fsvg%3E\" loading=\"eager\"><\/span><span class=\"fg-image-overlay\"><\/span><\/a><figcaption class=\"fg-caption\"><div class=\"fg-caption-inner\"><div class=\"fg-caption-title\">Wallfahrtskirche \"Unserer lieben Frau des Schnees\"<\/div><\/div><\/figcaption><\/figure><div class=\"fg-loader\"><\/div><\/div><div class=\"fg-item fg-type-image fg-idle\"><figure class=\"fg-item-inner\"><a href=\"http:\/\/blog.sy-danja.de\/wp-content\/uploads\/sites\/2\/2021\/08\/25_Las-Nieves_1000px.jpg\" data-caption-title=\"Marienheiligtum Nuestra Se\u00f1ora la Virgen de las Nieves,  Schutzpatronin der Insel La Palma\" data-attachment-id=\"2946\" data-type=\"image\" class=\"fg-thumb\" rel=\"lightbox[2949]\"><span class=\"fg-image-wrap\"><img decoding=\"async\" title=\"Marienheiligtum Nuestra Se\u00f1ora la Virgen de las Nieves,  Schutzpatronin der Insel La Palma\" width=\"150\" height=\"113\" class=\"skip-lazy fg-image\" data-src-fg=\"http:\/\/blog.sy-danja.de\/wp-content\/uploads\/sites\/2\/cache\/2021\/08\/25_Las-Nieves_1000px\/1783310011.jpg\" src=\"data:image\/svg+xml,%3Csvg%20xmlns%3D%22http%3A%2F%2Fwww.w3.org%2F2000%2Fsvg%22%20width%3D%22150%22%20height%3D%22113%22%20viewBox%3D%220%200%20150%20113%22%3E%3C%2Fsvg%3E\" loading=\"eager\"><\/span><span class=\"fg-image-overlay\"><\/span><\/a><figcaption class=\"fg-caption\"><div class=\"fg-caption-inner\"><div class=\"fg-caption-title\">Marienheiligtum Nuestra Se\u00f1ora la Virgen de las Nieves,  Schutzpatronin der Insel La Palma<\/div><\/div><\/figcaption><\/figure><div class=\"fg-loader\"><\/div><\/div><div class=\"fg-item fg-type-image fg-idle\"><figure class=\"fg-item-inner\"><a href=\"http:\/\/blog.sy-danja.de\/wp-content\/uploads\/sites\/2\/2021\/08\/26_Las-Nieves_1000px.jpg\" data-caption-title=\"Las Nieves\" data-attachment-id=\"2947\" data-type=\"image\" class=\"fg-thumb\" rel=\"lightbox[2949]\"><span class=\"fg-image-wrap\"><img decoding=\"async\" title=\"Las Nieves\" width=\"150\" height=\"84\" class=\"skip-lazy fg-image\" data-src-fg=\"http:\/\/blog.sy-danja.de\/wp-content\/uploads\/sites\/2\/cache\/2021\/08\/26_Las-Nieves_1000px\/1311153637.jpg\" src=\"data:image\/svg+xml,%3Csvg%20xmlns%3D%22http%3A%2F%2Fwww.w3.org%2F2000%2Fsvg%22%20width%3D%22150%22%20height%3D%2284%22%20viewBox%3D%220%200%20150%2084%22%3E%3C%2Fsvg%3E\" loading=\"eager\"><\/span><span class=\"fg-image-overlay\"><\/span><\/a><figcaption class=\"fg-caption\"><div class=\"fg-caption-inner\"><div class=\"fg-caption-title\">Las Nieves<\/div><\/div><\/figcaption><\/figure><div class=\"fg-loader\"><\/div><\/div><\/div>\n<p>&nbsp;<\/p>\n<p>Hier noch der Track unserer Wanderung:<\/p>\n<p>[osm_map_v3 map_center=&#8220;28.6886,-17.7694&#8243; zoom=&#8220;14&#8243; width=&#8220;90%&#8220; height=&#8220;450&#8243; file_list=&#8220;..\/..\/..\/..\/wp-content\/uploads\/2021\/08\/export3.gpx&#8220; file_color_list=&#8220;#000000&#8243; file_title=&#8220;S\/C de La Palma &#8211; Las Nieves&#8220;]<\/p>\n","protected":false},"excerpt":{"rendered":"<p>Bilder unserer Wanderung von Santa Cruz de Teneriffa zum Sanctuario des Las Nieves. In der dortigen Wallfahrtskirche findet sich die derzeit \u00e4lteste Marienfigur der Kanarischen Inseln, Nuestra Se\u00f1ora la Virgen de las Nieves (Unsere Liebe Frau des Schnees), gleichzeitig Schutzpatronin der Insel La Palma. N\u00e4heres dazu hier: Link &nbsp; Hier noch der Track unserer Wanderung: &hellip; <a href=\"http:\/\/blog.sy-danja.de\/?p=2949\" class=\"more-link\"><span class=\"screen-reader-text\">Wanderung zum Sanctuario de Las Nieves<\/span> weiterlesen<\/a><\/p>\n","protected":false},"author":2,"featured_media":0,"comment_status":"open","ping_status":"closed","sticky":false,"template":"","format":"gallery","meta":{"footnotes":""},"categories":[39],"tags":[53,89,94,56,77],"class_list":["post-2949","post","type-post","status-publish","format-gallery","hentry","category-segelzeit","tag-atlantik","tag-kanarische-inseln","tag-la-palma","tag-spanien","tag-wandern","post_format-post-format-gallery"],"_links":{"self":[{"href":"http:\/\/blog.sy-danja.de\/index.php?rest_route=\/wp\/v2\/posts\/2949","targetHints":{"allow":["GET"]}}],"collection":[{"href":"http:\/\/blog.sy-danja.de\/index.php?rest_route=\/wp\/v2\/posts"}],"about":[{"href":"http:\/\/blog.sy-danja.de\/index.php?rest_route=\/wp\/v2\/types\/post"}],"author":[{"embeddable":true,"href":"http:\/\/blog.sy-danja.de\/index.php?rest_route=\/wp\/v2\/users\/2"}],"replies":[{"embeddable":true,"href":"http:\/\/blog.sy-danja.de\/index.php?rest_route=%2Fwp%2Fv2%2Fcomments&post=2949"}],"version-history":[{"count":9,"href":"http:\/\/blog.sy-danja.de\/index.php?rest_route=\/wp\/v2\/posts\/2949\/revisions"}],"predecessor-version":[{"id":2959,"href":"http:\/\/blog.sy-danja.de\/index.php?rest_route=\/wp\/v2\/posts\/2949\/revisions\/2959"}],"wp:attachment":[{"href":"http:\/\/blog.sy-danja.de\/index.php?rest_route=%2Fwp%2Fv2%2Fmedia&parent=2949"}],"wp:term":[{"taxonomy":"category","embeddable":true,"href":"http:\/\/blog.sy-danja.de\/index.php?rest_route=%2Fwp%2Fv2%2Fcategories&post=2949"},{"taxonomy":"post_tag","embeddable":true,"href":"http:\/\/blog.sy-danja.de\/index.php?rest_route=%2Fwp%2Fv2%2Ftags&post=2949"}],"curies":[{"name":"wp","href":"https:\/\/api.w.org\/{rel}","templated":true}]}}