{"id":2977,"date":"2021-09-02T00:11:19","date_gmt":"2021-09-01T22:11:19","guid":{"rendered":"http:\/\/blog.sy-danja.de\/?p=2977"},"modified":"2021-09-02T18:22:19","modified_gmt":"2021-09-02T16:22:19","slug":"von-los-sauces-zu-den-wasserfaellen-von-los-tilos","status":"publish","type":"post","link":"http:\/\/blog.sy-danja.de\/?p=2977","title":{"rendered":"Von Los Sauces zu den Wasserf\u00e4llen bei Los Tilos"},"content":{"rendered":"<p>Am 5.8.2021 wanderten wir von Los Sauces \u00fcber den Mirador de las Barandas nach Los Tilos, mit seinen Wasserf\u00e4llen. Auf dem R\u00fcckweg folgten wir dem Fahrweg zur\u00fcck nach Los Sauces, \u00fcber den die Besuchermassen bis fast unter die F\u00e4lle fahren k\u00f6nnen. Unz\u00e4hlige Autos (auf der Suche nach einem Parkplatz) in und um Los Tilos herum, sind die Folge.<\/p>\n<style type=\"text\/css\">\n#foogallery-gallery-2976.fg-masonry .fg-item { width: 150px; }\n#foogallery-gallery-2976.fg-masonry { --fg-gutter: 10px; }<\/style>\n\t\t\t<div class=\"foogallery foogallery-container foogallery-masonry foogallery-lightbox-none fg-masonry fg-ready fg-light fg-loading-default fg-loaded-fade-in fg-hover-scale fg-hover-fade fg-fixed\" id=\"foogallery-gallery-2976\" data-foogallery=\"{&quot;item&quot;:{&quot;showCaptionTitle&quot;:true,&quot;showCaptionDescription&quot;:true},&quot;lazy&quot;:true,&quot;template&quot;:{&quot;columnWidth&quot;:150,&quot;gutter&quot;:10}}\" style=\"--fg-title-line-clamp: 0; --fg-description-line-clamp: 0;\" >\n\t\t<div class=\"fg-item fg-type-image fg-idle\"><figure class=\"fg-item-inner\"><a href=\"http:\/\/blog.sy-danja.de\/wp-content\/uploads\/sites\/2\/2021\/09\/10_Los-Tilos_1000px.jpg\" data-caption-title=\"H\u00f6he machen, oberhalb von Los Sauces...\" data-attachment-id=\"2960\" data-type=\"image\" class=\"fg-thumb\" rel=\"lightbox[2977]\"><span class=\"fg-image-wrap\"><img decoding=\"async\" title=\"H\u00f6he machen, oberhalb von Los Sauces...\" width=\"150\" height=\"84\" class=\"skip-lazy fg-image\" data-src-fg=\"http:\/\/blog.sy-danja.de\/wp-content\/uploads\/sites\/2\/cache\/2021\/09\/10_Los-Tilos_1000px\/3985356475.jpg\" src=\"data:image\/svg+xml,%3Csvg%20xmlns%3D%22http%3A%2F%2Fwww.w3.org%2F2000%2Fsvg%22%20width%3D%22150%22%20height%3D%2284%22%20viewBox%3D%220%200%20150%2084%22%3E%3C%2Fsvg%3E\" loading=\"eager\"><\/span><span class=\"fg-image-overlay\"><\/span><\/a><figcaption class=\"fg-caption\"><div class=\"fg-caption-inner\"><div class=\"fg-caption-title\">H\u00f6he machen, oberhalb von Los Sauces...<\/div><\/div><\/figcaption><\/figure><div class=\"fg-loader\"><\/div><\/div><div class=\"fg-item fg-type-image fg-idle\"><figure class=\"fg-item-inner\"><a href=\"http:\/\/blog.sy-danja.de\/wp-content\/uploads\/sites\/2\/2021\/09\/11_Los-Tilos_1000px.jpg\" data-caption-title=\"Eintauchen in die W\u00e4lder La Palmas\" data-attachment-id=\"2961\" data-type=\"image\" class=\"fg-thumb\" rel=\"lightbox[2977]\"><span class=\"fg-image-wrap\"><img decoding=\"async\" title=\"Eintauchen in die W\u00e4lder La Palmas\" width=\"150\" height=\"84\" class=\"skip-lazy fg-image\" data-src-fg=\"http:\/\/blog.sy-danja.de\/wp-content\/uploads\/sites\/2\/cache\/2021\/09\/11_Los-Tilos_1000px\/2767546389.jpg\" src=\"data:image\/svg+xml,%3Csvg%20xmlns%3D%22http%3A%2F%2Fwww.w3.org%2F2000%2Fsvg%22%20width%3D%22150%22%20height%3D%2284%22%20viewBox%3D%220%200%20150%2084%22%3E%3C%2Fsvg%3E\" loading=\"eager\"><\/span><span class=\"fg-image-overlay\"><\/span><\/a><figcaption class=\"fg-caption\"><div class=\"fg-caption-inner\"><div class=\"fg-caption-title\">Eintauchen in die W\u00e4lder La Palmas<\/div><\/div><\/figcaption><\/figure><div class=\"fg-loader\"><\/div><\/div><div class=\"fg-item fg-type-image fg-idle\"><figure class=\"fg-item-inner\"><a href=\"http:\/\/blog.sy-danja.de\/wp-content\/uploads\/sites\/2\/2021\/09\/12_Los-Tilos_1000px.jpg\" data-caption-title=\"Blick zur\u00fcck nach Los Tilos, vom Mirador de las Barandas.\" data-attachment-id=\"2962\" data-type=\"image\" class=\"fg-thumb\" rel=\"lightbox[2977]\"><span class=\"fg-image-wrap\"><img decoding=\"async\" title=\"Blick zur\u00fcck nach Los Tilos, vom Mirador de las Barandas.\" width=\"150\" height=\"84\" class=\"skip-lazy fg-image\" data-src-fg=\"http:\/\/blog.sy-danja.de\/wp-content\/uploads\/sites\/2\/cache\/2021\/09\/12_Los-Tilos_1000px\/2138442727.jpg\" src=\"data:image\/svg+xml,%3Csvg%20xmlns%3D%22http%3A%2F%2Fwww.w3.org%2F2000%2Fsvg%22%20width%3D%22150%22%20height%3D%2284%22%20viewBox%3D%220%200%20150%2084%22%3E%3C%2Fsvg%3E\" loading=\"eager\"><\/span><span class=\"fg-image-overlay\"><\/span><\/a><figcaption class=\"fg-caption\"><div class=\"fg-caption-inner\"><div class=\"fg-caption-title\">Blick zur\u00fcck nach Los Tilos, vom Mirador de las Barandas.<\/div><\/div><\/figcaption><\/figure><div class=\"fg-loader\"><\/div><\/div><div class=\"fg-item fg-type-image fg-idle\"><figure class=\"fg-item-inner\"><a href=\"http:\/\/blog.sy-danja.de\/wp-content\/uploads\/sites\/2\/2021\/09\/13_Los-Tilos_1000px.jpg\" data-attachment-id=\"2963\" data-type=\"image\" class=\"fg-thumb\" rel=\"lightbox[2977]\"><span class=\"fg-image-wrap\"><img decoding=\"async\" width=\"150\" height=\"84\" class=\"skip-lazy fg-image\" data-src-fg=\"http:\/\/blog.sy-danja.de\/wp-content\/uploads\/sites\/2\/cache\/2021\/09\/13_Los-Tilos_1000px\/906548553.jpg\" src=\"data:image\/svg+xml,%3Csvg%20xmlns%3D%22http%3A%2F%2Fwww.w3.org%2F2000%2Fsvg%22%20width%3D%22150%22%20height%3D%2284%22%20viewBox%3D%220%200%20150%2084%22%3E%3C%2Fsvg%3E\" loading=\"eager\"><\/span><span class=\"fg-image-overlay\"><\/span><\/a><\/figure><div class=\"fg-loader\"><\/div><\/div><div class=\"fg-item fg-type-image fg-idle\"><figure class=\"fg-item-inner\"><a href=\"http:\/\/blog.sy-danja.de\/wp-content\/uploads\/sites\/2\/2021\/09\/14_Los-Tilos_1000px.jpg\" data-attachment-id=\"2964\" data-type=\"image\" class=\"fg-thumb\" rel=\"lightbox[2977]\"><span class=\"fg-image-wrap\"><img decoding=\"async\" width=\"150\" height=\"84\" class=\"skip-lazy fg-image\" data-src-fg=\"http:\/\/blog.sy-danja.de\/wp-content\/uploads\/sites\/2\/cache\/2021\/09\/14_Los-Tilos_1000px\/318884418.jpg\" src=\"data:image\/svg+xml,%3Csvg%20xmlns%3D%22http%3A%2F%2Fwww.w3.org%2F2000%2Fsvg%22%20width%3D%22150%22%20height%3D%2284%22%20viewBox%3D%220%200%20150%2084%22%3E%3C%2Fsvg%3E\" loading=\"eager\"><\/span><span class=\"fg-image-overlay\"><\/span><\/a><\/figure><div class=\"fg-loader\"><\/div><\/div><div class=\"fg-item fg-type-image fg-idle\"><figure class=\"fg-item-inner\"><a href=\"http:\/\/blog.sy-danja.de\/wp-content\/uploads\/sites\/2\/2021\/09\/15_Los-Tilos_1000px.jpg\" data-caption-title=\"Abstieg vom Mirador de las Barandas nach Los Tilos\" data-attachment-id=\"2965\" data-type=\"image\" class=\"fg-thumb\" rel=\"lightbox[2977]\"><span class=\"fg-image-wrap\"><img decoding=\"async\" title=\"Abstieg vom Mirador de las Barandas nach Los Tilos\" width=\"150\" height=\"266\" class=\"skip-lazy fg-image\" data-src-fg=\"http:\/\/blog.sy-danja.de\/wp-content\/uploads\/sites\/2\/cache\/2021\/09\/15_Los-Tilos_1000px\/1518277868.jpg\" src=\"data:image\/svg+xml,%3Csvg%20xmlns%3D%22http%3A%2F%2Fwww.w3.org%2F2000%2Fsvg%22%20width%3D%22150%22%20height%3D%22266%22%20viewBox%3D%220%200%20150%20266%22%3E%3C%2Fsvg%3E\" loading=\"eager\"><\/span><span class=\"fg-image-overlay\"><\/span><\/a><figcaption class=\"fg-caption\"><div class=\"fg-caption-inner\"><div class=\"fg-caption-title\">Abstieg vom Mirador de las Barandas nach Los Tilos<\/div><\/div><\/figcaption><\/figure><div class=\"fg-loader\"><\/div><\/div><div class=\"fg-item fg-type-image fg-idle\"><figure class=\"fg-item-inner\"><a href=\"http:\/\/blog.sy-danja.de\/wp-content\/uploads\/sites\/2\/2021\/09\/16_Los-Tilos_1000px.jpg\" data-caption-title=\"Im Barranco del Agua, nach der Wasserf\u00e4lle.\" data-attachment-id=\"2966\" data-type=\"image\" class=\"fg-thumb\" rel=\"lightbox[2977]\"><span class=\"fg-image-wrap\"><img decoding=\"async\" title=\"Im Barranco del Agua, nach der Wasserf\u00e4lle.\" width=\"150\" height=\"84\" class=\"skip-lazy fg-image\" data-src-fg=\"http:\/\/blog.sy-danja.de\/wp-content\/uploads\/sites\/2\/cache\/2021\/09\/16_Los-Tilos_1000px\/2180806430.jpg\" src=\"data:image\/svg+xml,%3Csvg%20xmlns%3D%22http%3A%2F%2Fwww.w3.org%2F2000%2Fsvg%22%20width%3D%22150%22%20height%3D%2284%22%20viewBox%3D%220%200%20150%2084%22%3E%3C%2Fsvg%3E\" loading=\"eager\"><\/span><span class=\"fg-image-overlay\"><\/span><\/a><figcaption class=\"fg-caption\"><div class=\"fg-caption-inner\"><div class=\"fg-caption-title\">Im Barranco del Agua, nach der Wasserf\u00e4lle.<\/div><\/div><\/figcaption><\/figure><div class=\"fg-loader\"><\/div><\/div><div class=\"fg-item fg-type-image fg-idle\"><figure class=\"fg-item-inner\"><a href=\"http:\/\/blog.sy-danja.de\/wp-content\/uploads\/sites\/2\/2021\/09\/17_Los-Tilos_1000px.jpg\" data-caption-title=\"Sch\u00f6n, aber leider auch ein beliebtes Ausflugsziel: Wasserf\u00e4lle von Los Tilos.\" data-attachment-id=\"2967\" data-type=\"image\" class=\"fg-thumb\" rel=\"lightbox[2977]\"><span class=\"fg-image-wrap\"><img decoding=\"async\" title=\"Sch\u00f6n, aber leider auch ein beliebtes Ausflugsziel: Wasserf\u00e4lle von Los Tilos.\" width=\"150\" height=\"266\" class=\"skip-lazy fg-image\" data-src-fg=\"http:\/\/blog.sy-danja.de\/wp-content\/uploads\/sites\/2\/cache\/2021\/09\/17_Los-Tilos_1000px\/3364006320.jpg\" src=\"data:image\/svg+xml,%3Csvg%20xmlns%3D%22http%3A%2F%2Fwww.w3.org%2F2000%2Fsvg%22%20width%3D%22150%22%20height%3D%22266%22%20viewBox%3D%220%200%20150%20266%22%3E%3C%2Fsvg%3E\" loading=\"eager\"><\/span><span class=\"fg-image-overlay\"><\/span><\/a><figcaption class=\"fg-caption\"><div class=\"fg-caption-inner\"><div class=\"fg-caption-title\">Sch\u00f6n, aber leider auch ein beliebtes Ausflugsziel: Wasserf\u00e4lle von Los Tilos.<\/div><\/div><\/figcaption><\/figure><div class=\"fg-loader\"><\/div><\/div><div class=\"fg-item fg-type-image fg-idle\"><figure class=\"fg-item-inner\"><a href=\"http:\/\/blog.sy-danja.de\/wp-content\/uploads\/sites\/2\/2021\/09\/18_Los-Tilos_1000px.jpg\" data-caption-title=\"Sch\u00f6n, aber leider auch ein beliebtes Ausflugsziel: Wasserf\u00e4lle von Los Tilos.\" data-attachment-id=\"2968\" data-type=\"image\" class=\"fg-thumb\" rel=\"lightbox[2977]\"><span class=\"fg-image-wrap\"><img decoding=\"async\" title=\"Sch\u00f6n, aber leider auch ein beliebtes Ausflugsziel: Wasserf\u00e4lle von Los Tilos.\" width=\"150\" height=\"266\" class=\"skip-lazy fg-image\" data-src-fg=\"http:\/\/blog.sy-danja.de\/wp-content\/uploads\/sites\/2\/cache\/2021\/09\/18_Los-Tilos_1000px\/3421391112.jpg\" src=\"data:image\/svg+xml,%3Csvg%20xmlns%3D%22http%3A%2F%2Fwww.w3.org%2F2000%2Fsvg%22%20width%3D%22150%22%20height%3D%22266%22%20viewBox%3D%220%200%20150%20266%22%3E%3C%2Fsvg%3E\" loading=\"eager\"><\/span><span class=\"fg-image-overlay\"><\/span><\/a><figcaption class=\"fg-caption\"><div class=\"fg-caption-inner\"><div class=\"fg-caption-title\">Sch\u00f6n, aber leider auch ein beliebtes Ausflugsziel: Wasserf\u00e4lle von Los Tilos.<\/div><\/div><\/figcaption><\/figure><div class=\"fg-loader\"><\/div><\/div><div class=\"fg-item fg-type-image fg-idle\"><figure class=\"fg-item-inner\"><a href=\"http:\/\/blog.sy-danja.de\/wp-content\/uploads\/sites\/2\/2021\/09\/19_Los-Tilos_1000px.jpg\" data-caption-title=\"Sch\u00f6n, aber leider auch ein beliebtes Ausflugsziel: Wasserf\u00e4lle von Los Tilos.\" data-attachment-id=\"2969\" data-type=\"image\" class=\"fg-thumb\" rel=\"lightbox[2977]\"><span class=\"fg-image-wrap\"><img decoding=\"async\" title=\"Sch\u00f6n, aber leider auch ein beliebtes Ausflugsziel: Wasserf\u00e4lle von Los Tilos.\" width=\"150\" height=\"266\" class=\"skip-lazy fg-image\" data-src-fg=\"http:\/\/blog.sy-danja.de\/wp-content\/uploads\/sites\/2\/cache\/2021\/09\/19_Los-Tilos_1000px\/2190514086.jpg\" src=\"data:image\/svg+xml,%3Csvg%20xmlns%3D%22http%3A%2F%2Fwww.w3.org%2F2000%2Fsvg%22%20width%3D%22150%22%20height%3D%22266%22%20viewBox%3D%220%200%20150%20266%22%3E%3C%2Fsvg%3E\" loading=\"eager\"><\/span><span class=\"fg-image-overlay\"><\/span><\/a><figcaption class=\"fg-caption\"><div class=\"fg-caption-inner\"><div class=\"fg-caption-title\">Sch\u00f6n, aber leider auch ein beliebtes Ausflugsziel: Wasserf\u00e4lle von Los Tilos.<\/div><\/div><\/figcaption><\/figure><div class=\"fg-loader\"><\/div><\/div><div class=\"fg-item fg-type-image fg-idle\"><figure class=\"fg-item-inner\"><a href=\"http:\/\/blog.sy-danja.de\/wp-content\/uploads\/sites\/2\/2021\/09\/20_Los-Tilos_1000px.jpg\" data-caption-title=\"Der Barranco del agua.\" data-attachment-id=\"2970\" data-type=\"image\" class=\"fg-thumb\" rel=\"lightbox[2977]\"><span class=\"fg-image-wrap\"><img decoding=\"async\" title=\"Der Barranco del agua.\" width=\"150\" height=\"266\" class=\"skip-lazy fg-image\" data-src-fg=\"http:\/\/blog.sy-danja.de\/wp-content\/uploads\/sites\/2\/cache\/2021\/09\/20_Los-Tilos_1000px\/3387297253.jpg\" src=\"data:image\/svg+xml,%3Csvg%20xmlns%3D%22http%3A%2F%2Fwww.w3.org%2F2000%2Fsvg%22%20width%3D%22150%22%20height%3D%22266%22%20viewBox%3D%220%200%20150%20266%22%3E%3C%2Fsvg%3E\" loading=\"eager\"><\/span><span class=\"fg-image-overlay\"><\/span><\/a><figcaption class=\"fg-caption\"><div class=\"fg-caption-inner\"><div class=\"fg-caption-title\">Der Barranco del agua.<\/div><\/div><\/figcaption><\/figure><div class=\"fg-loader\"><\/div><\/div><div class=\"fg-item fg-type-image fg-idle\"><figure class=\"fg-item-inner\"><a href=\"http:\/\/blog.sy-danja.de\/wp-content\/uploads\/sites\/2\/2021\/09\/21_Los-Tilos_1000px.jpg\" data-caption-title=\"Wir wandern \u00fcber die Stra\u00dfe zur\u00fcck nach Los Sauces.\" data-attachment-id=\"2971\" data-type=\"image\" class=\"fg-thumb\" rel=\"lightbox[2977]\"><span class=\"fg-image-wrap\"><img decoding=\"async\" title=\"Wir wandern \u00fcber die Stra\u00dfe zur\u00fcck nach Los Sauces.\" width=\"150\" height=\"84\" class=\"skip-lazy fg-image\" data-src-fg=\"http:\/\/blog.sy-danja.de\/wp-content\/uploads\/sites\/2\/cache\/2021\/09\/21_Los-Tilos_1000px\/2157499211.jpg\" src=\"data:image\/svg+xml,%3Csvg%20xmlns%3D%22http%3A%2F%2Fwww.w3.org%2F2000%2Fsvg%22%20width%3D%22150%22%20height%3D%2284%22%20viewBox%3D%220%200%20150%2084%22%3E%3C%2Fsvg%3E\" loading=\"eager\"><\/span><span class=\"fg-image-overlay\"><\/span><\/a><figcaption class=\"fg-caption\"><div class=\"fg-caption-inner\"><div class=\"fg-caption-title\">Wir wandern \u00fcber die Stra\u00dfe zur\u00fcck nach Los Sauces.<\/div><\/div><\/figcaption><\/figure><div class=\"fg-loader\"><\/div><\/div><div class=\"fg-item fg-type-image fg-idle\"><figure class=\"fg-item-inner\"><a href=\"http:\/\/blog.sy-danja.de\/wp-content\/uploads\/sites\/2\/2021\/09\/22_Los-Tilos_1000px.jpg\" data-caption-title=\"Zentrum von Los Sauces, hier der Plaza de Monserrat\" data-attachment-id=\"2972\" data-type=\"image\" class=\"fg-thumb\" rel=\"lightbox[2977]\"><span class=\"fg-image-wrap\"><img decoding=\"async\" title=\"Zentrum von Los Sauces, hier der Plaza de Monserrat\" width=\"150\" height=\"84\" class=\"skip-lazy fg-image\" data-src-fg=\"http:\/\/blog.sy-danja.de\/wp-content\/uploads\/sites\/2\/cache\/2021\/09\/22_Los-Tilos_1000px\/1528541369.jpg\" src=\"data:image\/svg+xml,%3Csvg%20xmlns%3D%22http%3A%2F%2Fwww.w3.org%2F2000%2Fsvg%22%20width%3D%22150%22%20height%3D%2284%22%20viewBox%3D%220%200%20150%2084%22%3E%3C%2Fsvg%3E\" loading=\"eager\"><\/span><span class=\"fg-image-overlay\"><\/span><\/a><figcaption class=\"fg-caption\"><div class=\"fg-caption-inner\"><div class=\"fg-caption-title\">Zentrum von Los Sauces, hier der Plaza de Monserrat<\/div><\/div><\/figcaption><\/figure><div class=\"fg-loader\"><\/div><\/div><div class=\"fg-item fg-type-image fg-idle\"><figure class=\"fg-item-inner\"><a href=\"http:\/\/blog.sy-danja.de\/wp-content\/uploads\/sites\/2\/2021\/09\/23_Los-Tilos_1000px.jpg\" data-caption-title=\"Zentrum von Los Sauces, hier der Plaza de Monserrat\" data-attachment-id=\"2973\" data-type=\"image\" class=\"fg-thumb\" rel=\"lightbox[2977]\"><span class=\"fg-image-wrap\"><img decoding=\"async\" title=\"Zentrum von Los Sauces, hier der Plaza de Monserrat\" width=\"150\" height=\"84\" class=\"skip-lazy fg-image\" data-src-fg=\"http:\/\/blog.sy-danja.de\/wp-content\/uploads\/sites\/2\/cache\/2021\/09\/23_Los-Tilos_1000px\/308637207.jpg\" src=\"data:image\/svg+xml,%3Csvg%20xmlns%3D%22http%3A%2F%2Fwww.w3.org%2F2000%2Fsvg%22%20width%3D%22150%22%20height%3D%2284%22%20viewBox%3D%220%200%20150%2084%22%3E%3C%2Fsvg%3E\" loading=\"eager\"><\/span><span class=\"fg-image-overlay\"><\/span><\/a><figcaption class=\"fg-caption\"><div class=\"fg-caption-inner\"><div class=\"fg-caption-title\">Zentrum von Los Sauces, hier der Plaza de Monserrat<\/div><\/div><\/figcaption><\/figure><div class=\"fg-loader\"><\/div><\/div><div class=\"fg-item fg-type-image fg-idle\"><figure class=\"fg-item-inner\"><a href=\"http:\/\/blog.sy-danja.de\/wp-content\/uploads\/sites\/2\/2021\/09\/24_Los-Tilos_1000px.jpg\" data-caption-title=\"Zentrum von Los Sauches, hier der Parque Antonio Herrera.\" data-attachment-id=\"2974\" data-type=\"image\" class=\"fg-thumb\" rel=\"lightbox[2977]\"><span class=\"fg-image-wrap\"><img decoding=\"async\" title=\"Zentrum von Los Sauches, hier der Parque Antonio Herrera.\" width=\"150\" height=\"84\" class=\"skip-lazy fg-image\" data-src-fg=\"http:\/\/blog.sy-danja.de\/wp-content\/uploads\/sites\/2\/cache\/2021\/09\/24_Los-Tilos_1000px\/929853724.jpg\" src=\"data:image\/svg+xml,%3Csvg%20xmlns%3D%22http%3A%2F%2Fwww.w3.org%2F2000%2Fsvg%22%20width%3D%22150%22%20height%3D%2284%22%20viewBox%3D%220%200%20150%2084%22%3E%3C%2Fsvg%3E\" loading=\"eager\"><\/span><span class=\"fg-image-overlay\"><\/span><\/a><figcaption class=\"fg-caption\"><div class=\"fg-caption-inner\"><div class=\"fg-caption-title\">Zentrum von Los Sauches, hier der Parque Antonio Herrera.<\/div><\/div><\/figcaption><\/figure><div class=\"fg-loader\"><\/div><\/div><div class=\"fg-item fg-type-image fg-idle\"><figure class=\"fg-item-inner\"><a href=\"http:\/\/blog.sy-danja.de\/wp-content\/uploads\/sites\/2\/2021\/09\/25_Los-Tilos_1000px.jpg\" data-caption-title=\"M\u00fcde aber zufrieden :)\" data-attachment-id=\"2975\" data-type=\"image\" class=\"fg-thumb\" rel=\"lightbox[2977]\"><span class=\"fg-image-wrap\"><img decoding=\"async\" title=\"M\u00fcde aber zufrieden :)\" width=\"150\" height=\"84\" class=\"skip-lazy fg-image\" data-src-fg=\"http:\/\/blog.sy-danja.de\/wp-content\/uploads\/sites\/2\/cache\/2021\/09\/25_Los-Tilos_1000px\/2115153842.jpg\" src=\"data:image\/svg+xml,%3Csvg%20xmlns%3D%22http%3A%2F%2Fwww.w3.org%2F2000%2Fsvg%22%20width%3D%22150%22%20height%3D%2284%22%20viewBox%3D%220%200%20150%2084%22%3E%3C%2Fsvg%3E\" loading=\"eager\"><\/span><span class=\"fg-image-overlay\"><\/span><\/a><figcaption class=\"fg-caption\"><div class=\"fg-caption-inner\"><div class=\"fg-caption-title\">M\u00fcde aber zufrieden \ud83d\ude42<\/div><\/div><\/figcaption><\/figure><div class=\"fg-loader\"><\/div><\/div><\/div>\n<p>&nbsp;<\/p>\n<p>Knapp 10 km kommen auf dem Weg zusammen, mit jeweils 500 H\u00f6henmetern hinauf und wieder hinab. Hier noch der Track:<\/p>\n<p>&nbsp;<\/p>\n<p>[osm_map_v3 map_center=&#8220;28.7993,-17.7803&#8243; zoom=&#8220;14&#8243; width=&#8220;100%&#8220; height=&#8220;450&#8243; file_list=&#8220;..\/..\/..\/..\/wp-content\/uploads\/2021\/08\/export2.gpx&#8220; file_color_list=&#8220;#000000&#8243; file_title=&#8220;Los Sauces &#8211; Los Tilos&#8220;]<\/p>\n","protected":false},"excerpt":{"rendered":"<p>Am 5.8.2021 wanderten wir von Los Sauces \u00fcber den Mirador de las Barandas nach Los Tilos, mit seinen Wasserf\u00e4llen. Auf dem R\u00fcckweg folgten wir dem Fahrweg zur\u00fcck nach Los Sauces, \u00fcber den die Besuchermassen bis fast unter die F\u00e4lle fahren k\u00f6nnen. Unz\u00e4hlige Autos (auf der Suche nach einem Parkplatz) in und um Los Tilos herum, &hellip; <a href=\"http:\/\/blog.sy-danja.de\/?p=2977\" class=\"more-link\"><span class=\"screen-reader-text\">Von Los Sauces zu den Wasserf\u00e4llen bei Los Tilos<\/span> weiterlesen<\/a><\/p>\n","protected":false},"author":2,"featured_media":0,"comment_status":"open","ping_status":"closed","sticky":false,"template":"","format":"gallery","meta":{"footnotes":""},"categories":[39],"tags":[53,89,94,56,77],"class_list":["post-2977","post","type-post","status-publish","format-gallery","hentry","category-segelzeit","tag-atlantik","tag-kanarische-inseln","tag-la-palma","tag-spanien","tag-wandern","post_format-post-format-gallery"],"_links":{"self":[{"href":"http:\/\/blog.sy-danja.de\/index.php?rest_route=\/wp\/v2\/posts\/2977","targetHints":{"allow":["GET"]}}],"collection":[{"href":"http:\/\/blog.sy-danja.de\/index.php?rest_route=\/wp\/v2\/posts"}],"about":[{"href":"http:\/\/blog.sy-danja.de\/index.php?rest_route=\/wp\/v2\/types\/post"}],"author":[{"embeddable":true,"href":"http:\/\/blog.sy-danja.de\/index.php?rest_route=\/wp\/v2\/users\/2"}],"replies":[{"embeddable":true,"href":"http:\/\/blog.sy-danja.de\/index.php?rest_route=%2Fwp%2Fv2%2Fcomments&post=2977"}],"version-history":[{"count":6,"href":"http:\/\/blog.sy-danja.de\/index.php?rest_route=\/wp\/v2\/posts\/2977\/revisions"}],"predecessor-version":[{"id":3008,"href":"http:\/\/blog.sy-danja.de\/index.php?rest_route=\/wp\/v2\/posts\/2977\/revisions\/3008"}],"wp:attachment":[{"href":"http:\/\/blog.sy-danja.de\/index.php?rest_route=%2Fwp%2Fv2%2Fmedia&parent=2977"}],"wp:term":[{"taxonomy":"category","embeddable":true,"href":"http:\/\/blog.sy-danja.de\/index.php?rest_route=%2Fwp%2Fv2%2Fcategories&post=2977"},{"taxonomy":"post_tag","embeddable":true,"href":"http:\/\/blog.sy-danja.de\/index.php?rest_route=%2Fwp%2Fv2%2Ftags&post=2977"}],"curies":[{"name":"wp","href":"https:\/\/api.w.org\/{rel}","templated":true}]}}