{"id":3004,"date":"2021-09-02T18:20:39","date_gmt":"2021-09-02T16:20:39","guid":{"rendered":"http:\/\/blog.sy-danja.de\/?p=3004"},"modified":"2021-09-02T18:22:38","modified_gmt":"2021-09-02T16:22:38","slug":"san-andres-y-los-sauces","status":"publish","type":"post","link":"http:\/\/blog.sy-danja.de\/?p=3004","title":{"rendered":"San Andres y Los Sauces"},"content":{"rendered":"<p>Eine weitere wundersch\u00f6ne Wanderung f\u00fchrte uns, entlang eines Teilst\u00fccks des Camino Real de la Costa, von San Juan \u00fcber San Andres bis zum Meerwasserschwimmbad Charco Azul. Ein Weg f\u00fcr die Seele. Herrliche Landschaften, kristallklares Wasser, liebliche Ortschaften und kaum eine Menschenseele. Trifft auf Charco Azul nicht ganz so zu, daf\u00fcr gibt&#8217;s aber mit den Destilerias Aldea eine private Rum-Brennerei zur besichtigen und von Puerto Espindola f\u00e4hrt ein Bus hinauf nach Los Sauces.<\/p>\n<style type=\"text\/css\">\n#foogallery-gallery-3003.fg-masonry .fg-item { width: 150px; }\n#foogallery-gallery-3003.fg-masonry { --fg-gutter: 10px; }<\/style>\n\t\t\t<div class=\"foogallery foogallery-container foogallery-masonry foogallery-lightbox-none fg-masonry fg-ready fg-light fg-loading-default fg-loaded-fade-in fg-hover-scale fg-hover-fade fg-fixed\" id=\"foogallery-gallery-3003\" data-foogallery=\"{&quot;item&quot;:{&quot;showCaptionTitle&quot;:true,&quot;showCaptionDescription&quot;:true},&quot;lazy&quot;:true,&quot;template&quot;:{&quot;columnWidth&quot;:150,&quot;gutter&quot;:10}}\" style=\"--fg-title-line-clamp: 0; --fg-description-line-clamp: 0;\" >\n\t\t<div class=\"fg-item fg-type-image fg-idle\"><figure class=\"fg-item-inner\"><a href=\"http:\/\/blog.sy-danja.de\/wp-content\/uploads\/sites\/2\/2021\/09\/10_San-Andres_1000px.jpg\" data-caption-title=\"Die Gemeindekirche von San Juan, Startpunkt unserer Wanderung.\" data-attachment-id=\"2983\" data-type=\"image\" class=\"fg-thumb\" rel=\"lightbox[3004]\"><span class=\"fg-image-wrap\"><img decoding=\"async\" title=\"Die Gemeindekirche von San Juan, Startpunkt unserer Wanderung.\" width=\"150\" height=\"84\" class=\"skip-lazy fg-image\" data-src-fg=\"http:\/\/blog.sy-danja.de\/wp-content\/uploads\/sites\/2\/cache\/2021\/09\/10_San-Andres_1000px\/2749769909.jpg\" src=\"data:image\/svg+xml,%3Csvg%20xmlns%3D%22http%3A%2F%2Fwww.w3.org%2F2000%2Fsvg%22%20width%3D%22150%22%20height%3D%2284%22%20viewBox%3D%220%200%20150%2084%22%3E%3C%2Fsvg%3E\" loading=\"eager\"><\/span><span class=\"fg-image-overlay\"><\/span><\/a><figcaption class=\"fg-caption\"><div class=\"fg-caption-inner\"><div class=\"fg-caption-title\">Die Gemeindekirche von San Juan, Startpunkt unserer Wanderung.<\/div><\/div><\/figcaption><\/figure><div class=\"fg-loader\"><\/div><\/div><div class=\"fg-item fg-type-image fg-idle\"><figure class=\"fg-item-inner\"><a href=\"http:\/\/blog.sy-danja.de\/wp-content\/uploads\/sites\/2\/2021\/09\/11_San-Andres_1000px.jpg\" data-caption-title=\"Durch Bananenplantagen geht es hinab zur K\u00fcste.\" data-attachment-id=\"2984\" data-type=\"image\" class=\"fg-thumb\" rel=\"lightbox[3004]\"><span class=\"fg-image-wrap\"><img decoding=\"async\" title=\"Durch Bananenplantagen geht es hinab zur K\u00fcste.\" width=\"150\" height=\"84\" class=\"skip-lazy fg-image\" data-src-fg=\"http:\/\/blog.sy-danja.de\/wp-content\/uploads\/sites\/2\/cache\/2021\/09\/11_San-Andres_1000px\/198124947.jpg\" src=\"data:image\/svg+xml,%3Csvg%20xmlns%3D%22http%3A%2F%2Fwww.w3.org%2F2000%2Fsvg%22%20width%3D%22150%22%20height%3D%2284%22%20viewBox%3D%220%200%20150%2084%22%3E%3C%2Fsvg%3E\" loading=\"eager\"><\/span><span class=\"fg-image-overlay\"><\/span><\/a><figcaption class=\"fg-caption\"><div class=\"fg-caption-inner\"><div class=\"fg-caption-title\">Durch Bananenplantagen geht es hinab zur K\u00fcste.<\/div><\/div><\/figcaption><\/figure><div class=\"fg-loader\"><\/div><\/div><div class=\"fg-item fg-type-image fg-idle\"><figure class=\"fg-item-inner\"><a href=\"http:\/\/blog.sy-danja.de\/wp-content\/uploads\/sites\/2\/2021\/09\/12_San-Andres_1000px.jpg\" data-caption-title=\"An der M\u00fcndung der San Juan-Schlucht wird es steil.\" data-attachment-id=\"2985\" data-type=\"image\" class=\"fg-thumb\" rel=\"lightbox[3004]\"><span class=\"fg-image-wrap\"><img decoding=\"async\" title=\"An der M\u00fcndung der San Juan-Schlucht wird es steil.\" width=\"150\" height=\"84\" class=\"skip-lazy fg-image\" data-src-fg=\"http:\/\/blog.sy-danja.de\/wp-content\/uploads\/sites\/2\/cache\/2021\/09\/12_San-Andres_1000px\/799186637.jpg\" src=\"data:image\/svg+xml,%3Csvg%20xmlns%3D%22http%3A%2F%2Fwww.w3.org%2F2000%2Fsvg%22%20width%3D%22150%22%20height%3D%2284%22%20viewBox%3D%220%200%20150%2084%22%3E%3C%2Fsvg%3E\" loading=\"eager\"><\/span><span class=\"fg-image-overlay\"><\/span><\/a><figcaption class=\"fg-caption\"><div class=\"fg-caption-inner\"><div class=\"fg-caption-title\">An der M\u00fcndung der San Juan-Schlucht wird es steil.<\/div><\/div><\/figcaption><\/figure><div class=\"fg-loader\"><\/div><\/div><div class=\"fg-item fg-type-image fg-idle\"><figure class=\"fg-item-inner\"><a href=\"http:\/\/blog.sy-danja.de\/wp-content\/uploads\/sites\/2\/2021\/09\/13_San-Andres_1000px.jpg\" data-caption-title=\"Farben f\u00fcr die Seele...\" data-attachment-id=\"2986\" data-type=\"image\" class=\"fg-thumb\" rel=\"lightbox[3004]\"><span class=\"fg-image-wrap\"><img decoding=\"async\" title=\"Farben f\u00fcr die Seele...\" width=\"150\" height=\"84\" class=\"skip-lazy fg-image\" data-src-fg=\"http:\/\/blog.sy-danja.de\/wp-content\/uploads\/sites\/2\/cache\/2021\/09\/13_San-Andres_1000px\/1770046961.jpg\" src=\"data:image\/svg+xml,%3Csvg%20xmlns%3D%22http%3A%2F%2Fwww.w3.org%2F2000%2Fsvg%22%20width%3D%22150%22%20height%3D%2284%22%20viewBox%3D%220%200%20150%2084%22%3E%3C%2Fsvg%3E\" loading=\"eager\"><\/span><span class=\"fg-image-overlay\"><\/span><\/a><figcaption class=\"fg-caption\"><div class=\"fg-caption-inner\"><div class=\"fg-caption-title\">Farben f\u00fcr die Seele...<\/div><\/div><\/figcaption><\/figure><div class=\"fg-loader\"><\/div><\/div><div class=\"fg-item fg-type-image fg-idle\"><figure class=\"fg-item-inner\"><a href=\"http:\/\/blog.sy-danja.de\/wp-content\/uploads\/sites\/2\/2021\/09\/14_San-Andres_1000px.jpg\" data-caption-title=\"Abstieg in die Barranco de San Juan\" data-attachment-id=\"2987\" data-type=\"image\" class=\"fg-thumb\" rel=\"lightbox[3004]\"><span class=\"fg-image-wrap\"><img decoding=\"async\" title=\"Abstieg in die Barranco de San Juan\" width=\"150\" height=\"266\" class=\"skip-lazy fg-image\" data-src-fg=\"http:\/\/blog.sy-danja.de\/wp-content\/uploads\/sites\/2\/cache\/2021\/09\/14_San-Andres_1000px\/1736042609.jpg\" src=\"data:image\/svg+xml,%3Csvg%20xmlns%3D%22http%3A%2F%2Fwww.w3.org%2F2000%2Fsvg%22%20width%3D%22150%22%20height%3D%22266%22%20viewBox%3D%220%200%20150%20266%22%3E%3C%2Fsvg%3E\" loading=\"eager\"><\/span><span class=\"fg-image-overlay\"><\/span><\/a><figcaption class=\"fg-caption\"><div class=\"fg-caption-inner\"><div class=\"fg-caption-title\">Abstieg in die Barranco de San Juan<\/div><\/div><\/figcaption><\/figure><div class=\"fg-loader\"><\/div><\/div><div class=\"fg-item fg-type-image fg-idle\"><figure class=\"fg-item-inner\"><a href=\"http:\/\/blog.sy-danja.de\/wp-content\/uploads\/sites\/2\/2021\/09\/15_San-Andres_1000px.jpg\" data-caption-title=\"Abstieg in die Barranco de San Juan\" data-attachment-id=\"2988\" data-type=\"image\" class=\"fg-thumb\" rel=\"lightbox[3004]\"><span class=\"fg-image-wrap\"><img decoding=\"async\" title=\"Abstieg in die Barranco de San Juan\" width=\"150\" height=\"84\" class=\"skip-lazy fg-image\" data-src-fg=\"http:\/\/blog.sy-danja.de\/wp-content\/uploads\/sites\/2\/cache\/2021\/09\/15_San-Andres_1000px\/3359067938.jpg\" src=\"data:image\/svg+xml,%3Csvg%20xmlns%3D%22http%3A%2F%2Fwww.w3.org%2F2000%2Fsvg%22%20width%3D%22150%22%20height%3D%2284%22%20viewBox%3D%220%200%20150%2084%22%3E%3C%2Fsvg%3E\" loading=\"eager\"><\/span><span class=\"fg-image-overlay\"><\/span><\/a><figcaption class=\"fg-caption\"><div class=\"fg-caption-inner\"><div class=\"fg-caption-title\">Abstieg in die Barranco de San Juan<\/div><\/div><\/figcaption><\/figure><div class=\"fg-loader\"><\/div><\/div><div class=\"fg-item fg-type-image fg-idle\"><figure class=\"fg-item-inner\"><a href=\"http:\/\/blog.sy-danja.de\/wp-content\/uploads\/sites\/2\/2021\/09\/16_San-Andres_1000px.jpg\" data-caption-title=\"Abstieg in die Barranco de San Juan\" data-attachment-id=\"2989\" data-type=\"image\" class=\"fg-thumb\" rel=\"lightbox[3004]\"><span class=\"fg-image-wrap\"><img decoding=\"async\" title=\"Abstieg in die Barranco de San Juan\" width=\"150\" height=\"266\" class=\"skip-lazy fg-image\" data-src-fg=\"http:\/\/blog.sy-danja.de\/wp-content\/uploads\/sites\/2\/cache\/2021\/09\/16_San-Andres_1000px\/3965383804.jpg\" src=\"data:image\/svg+xml,%3Csvg%20xmlns%3D%22http%3A%2F%2Fwww.w3.org%2F2000%2Fsvg%22%20width%3D%22150%22%20height%3D%22266%22%20viewBox%3D%220%200%20150%20266%22%3E%3C%2Fsvg%3E\" loading=\"eager\"><\/span><span class=\"fg-image-overlay\"><\/span><\/a><figcaption class=\"fg-caption\"><div class=\"fg-caption-inner\"><div class=\"fg-caption-title\">Abstieg in die Barranco de San Juan<\/div><\/div><\/figcaption><\/figure><div class=\"fg-loader\"><\/div><\/div><div class=\"fg-item fg-type-image fg-idle\"><figure class=\"fg-item-inner\"><a href=\"http:\/\/blog.sy-danja.de\/wp-content\/uploads\/sites\/2\/2021\/09\/17_San-Andres_1000px.jpg\" data-caption-title=\"M\u00fcndung des Barranco de San Juan\" data-attachment-id=\"2990\" data-type=\"image\" class=\"fg-thumb\" rel=\"lightbox[3004]\"><span class=\"fg-image-wrap\"><img decoding=\"async\" title=\"M\u00fcndung des Barranco de San Juan\" width=\"150\" height=\"84\" class=\"skip-lazy fg-image\" data-src-fg=\"http:\/\/blog.sy-danja.de\/wp-content\/uploads\/sites\/2\/cache\/2021\/09\/17_San-Andres_1000px\/3849949875.jpg\" src=\"data:image\/svg+xml,%3Csvg%20xmlns%3D%22http%3A%2F%2Fwww.w3.org%2F2000%2Fsvg%22%20width%3D%22150%22%20height%3D%2284%22%20viewBox%3D%220%200%20150%2084%22%3E%3C%2Fsvg%3E\" loading=\"eager\"><\/span><span class=\"fg-image-overlay\"><\/span><\/a><figcaption class=\"fg-caption\"><div class=\"fg-caption-inner\"><div class=\"fg-caption-title\">M\u00fcndung des Barranco de San Juan<\/div><\/div><\/figcaption><\/figure><div class=\"fg-loader\"><\/div><\/div><div class=\"fg-item fg-type-image fg-idle\"><figure class=\"fg-item-inner\"><a href=\"http:\/\/blog.sy-danja.de\/wp-content\/uploads\/sites\/2\/2021\/09\/18_San-Andres_1000px.jpg\" data-caption-title=\"Wilde Ostk\u00fcste La Palmas\" data-attachment-id=\"2991\" data-type=\"image\" class=\"fg-thumb\" rel=\"lightbox[3004]\"><span class=\"fg-image-wrap\"><img decoding=\"async\" title=\"Wilde Ostk\u00fcste La Palmas\" width=\"150\" height=\"84\" class=\"skip-lazy fg-image\" data-src-fg=\"http:\/\/blog.sy-danja.de\/wp-content\/uploads\/sites\/2\/cache\/2021\/09\/18_San-Andres_1000px\/3198784143.jpg\" src=\"data:image\/svg+xml,%3Csvg%20xmlns%3D%22http%3A%2F%2Fwww.w3.org%2F2000%2Fsvg%22%20width%3D%22150%22%20height%3D%2284%22%20viewBox%3D%220%200%20150%2084%22%3E%3C%2Fsvg%3E\" loading=\"eager\"><\/span><span class=\"fg-image-overlay\"><\/span><\/a><figcaption class=\"fg-caption\"><div class=\"fg-caption-inner\"><div class=\"fg-caption-title\">Wilde Ostk\u00fcste La Palmas<\/div><\/div><\/figcaption><\/figure><div class=\"fg-loader\"><\/div><\/div><div class=\"fg-item fg-type-image fg-idle\"><figure class=\"fg-item-inner\"><a href=\"http:\/\/blog.sy-danja.de\/wp-content\/uploads\/sites\/2\/2021\/09\/19_San-Andres_1000px.jpg\" data-caption-title=\"Mit Blick auf den Abstiegsweg geht es im Norden wieder bergauf...\" data-attachment-id=\"2992\" data-type=\"image\" class=\"fg-thumb\" rel=\"lightbox[3004]\"><span class=\"fg-image-wrap\"><img decoding=\"async\" title=\"Mit Blick auf den Abstiegsweg geht es im Norden wieder bergauf...\" width=\"150\" height=\"266\" class=\"skip-lazy fg-image\" data-src-fg=\"http:\/\/blog.sy-danja.de\/wp-content\/uploads\/sites\/2\/cache\/2021\/09\/19_San-Andres_1000px\/4169910707.jpg\" src=\"data:image\/svg+xml,%3Csvg%20xmlns%3D%22http%3A%2F%2Fwww.w3.org%2F2000%2Fsvg%22%20width%3D%22150%22%20height%3D%22266%22%20viewBox%3D%220%200%20150%20266%22%3E%3C%2Fsvg%3E\" loading=\"eager\"><\/span><span class=\"fg-image-overlay\"><\/span><\/a><figcaption class=\"fg-caption\"><div class=\"fg-caption-inner\"><div class=\"fg-caption-title\">Mit Blick auf den Abstiegsweg geht es im Norden wieder bergauf...<\/div><\/div><\/figcaption><\/figure><div class=\"fg-loader\"><\/div><\/div><div class=\"fg-item fg-type-image fg-idle\"><figure class=\"fg-item-inner\"><a href=\"http:\/\/blog.sy-danja.de\/wp-content\/uploads\/sites\/2\/2021\/09\/20_San-Andres_1000px.jpg\" data-caption-title=\"Wegweiser in der N\u00e4he von La Puntilla\" data-attachment-id=\"2993\" data-type=\"image\" class=\"fg-thumb\" rel=\"lightbox[3004]\"><span class=\"fg-image-wrap\"><img decoding=\"async\" title=\"Wegweiser in der N\u00e4he von La Puntilla\" width=\"150\" height=\"84\" class=\"skip-lazy fg-image\" data-src-fg=\"http:\/\/blog.sy-danja.de\/wp-content\/uploads\/sites\/2\/cache\/2021\/09\/20_San-Andres_1000px\/789658109.jpg\" src=\"data:image\/svg+xml,%3Csvg%20xmlns%3D%22http%3A%2F%2Fwww.w3.org%2F2000%2Fsvg%22%20width%3D%22150%22%20height%3D%2284%22%20viewBox%3D%220%200%20150%2084%22%3E%3C%2Fsvg%3E\" loading=\"eager\"><\/span><span class=\"fg-image-overlay\"><\/span><\/a><figcaption class=\"fg-caption\"><div class=\"fg-caption-inner\"><div class=\"fg-caption-title\">Wegweiser in der N\u00e4he von La Puntilla<\/div><\/div><\/figcaption><\/figure><div class=\"fg-loader\"><\/div><\/div><div class=\"fg-item fg-type-image fg-idle\"><figure class=\"fg-item-inner\"><a href=\"http:\/\/blog.sy-danja.de\/wp-content\/uploads\/sites\/2\/2021\/09\/21_San-Andres_1000px.jpg\" data-caption-title=\"Stra\u00dfe in San Andres\" data-attachment-id=\"2994\" data-type=\"image\" class=\"fg-thumb\" rel=\"lightbox[3004]\"><span class=\"fg-image-wrap\"><img decoding=\"async\" title=\"Stra\u00dfe in San Andres\" width=\"150\" height=\"84\" class=\"skip-lazy fg-image\" data-src-fg=\"http:\/\/blog.sy-danja.de\/wp-content\/uploads\/sites\/2\/cache\/2021\/09\/21_San-Andres_1000px\/2268607707.jpg\" src=\"data:image\/svg+xml,%3Csvg%20xmlns%3D%22http%3A%2F%2Fwww.w3.org%2F2000%2Fsvg%22%20width%3D%22150%22%20height%3D%2284%22%20viewBox%3D%220%200%20150%2084%22%3E%3C%2Fsvg%3E\" loading=\"eager\"><\/span><span class=\"fg-image-overlay\"><\/span><\/a><figcaption class=\"fg-caption\"><div class=\"fg-caption-inner\"><div class=\"fg-caption-title\">Stra\u00dfe in San Andres<\/div><\/div><\/figcaption><\/figure><div class=\"fg-loader\"><\/div><\/div><div class=\"fg-item fg-type-image fg-idle\"><figure class=\"fg-item-inner\"><a href=\"http:\/\/blog.sy-danja.de\/wp-content\/uploads\/sites\/2\/2021\/09\/21_San-Andres_1000px2.jpg\" data-caption-title=\"Plaza de San Andres\" data-attachment-id=\"3001\" data-type=\"image\" class=\"fg-thumb\" rel=\"lightbox[3004]\"><span class=\"fg-image-wrap\"><img decoding=\"async\" title=\"Plaza de San Andres\" width=\"150\" height=\"84\" class=\"skip-lazy fg-image\" data-src-fg=\"http:\/\/blog.sy-danja.de\/wp-content\/uploads\/sites\/2\/cache\/2021\/09\/21_San-Andres_1000px2\/713207780.jpg\" src=\"data:image\/svg+xml,%3Csvg%20xmlns%3D%22http%3A%2F%2Fwww.w3.org%2F2000%2Fsvg%22%20width%3D%22150%22%20height%3D%2284%22%20viewBox%3D%220%200%20150%2084%22%3E%3C%2Fsvg%3E\" loading=\"eager\"><\/span><span class=\"fg-image-overlay\"><\/span><\/a><figcaption class=\"fg-caption\"><div class=\"fg-caption-inner\"><div class=\"fg-caption-title\">Plaza de San Andres<\/div><\/div><\/figcaption><\/figure><div class=\"fg-loader\"><\/div><\/div><div class=\"fg-item fg-type-image fg-idle\"><figure class=\"fg-item-inner\"><a href=\"http:\/\/blog.sy-danja.de\/wp-content\/uploads\/sites\/2\/2021\/09\/22_San-Andres_1000px.jpg\" data-caption-title=\"Plaza de San Andres\" data-attachment-id=\"2995\" data-type=\"image\" class=\"fg-thumb\" rel=\"lightbox[3004]\"><span class=\"fg-image-wrap\"><img decoding=\"async\" title=\"Plaza de San Andres\" width=\"150\" height=\"84\" class=\"skip-lazy fg-image\" data-src-fg=\"http:\/\/blog.sy-danja.de\/wp-content\/uploads\/sites\/2\/cache\/2021\/09\/22_San-Andres_1000px\/2740293509.jpg\" src=\"data:image\/svg+xml,%3Csvg%20xmlns%3D%22http%3A%2F%2Fwww.w3.org%2F2000%2Fsvg%22%20width%3D%22150%22%20height%3D%2284%22%20viewBox%3D%220%200%20150%2084%22%3E%3C%2Fsvg%3E\" loading=\"eager\"><\/span><span class=\"fg-image-overlay\"><\/span><\/a><figcaption class=\"fg-caption\"><div class=\"fg-caption-inner\"><div class=\"fg-caption-title\">Plaza de San Andres<\/div><\/div><\/figcaption><\/figure><div class=\"fg-loader\"><\/div><\/div><div class=\"fg-item fg-type-image fg-idle\"><figure class=\"fg-item-inner\"><a href=\"http:\/\/blog.sy-danja.de\/wp-content\/uploads\/sites\/2\/2021\/09\/23_San-Andres_1000px.jpg\" data-caption-title=\"Plaza de San Andres\" data-attachment-id=\"2996\" data-type=\"image\" class=\"fg-thumb\" rel=\"lightbox[3004]\"><span class=\"fg-image-wrap\"><img decoding=\"async\" title=\"Plaza de San Andres\" width=\"150\" height=\"84\" class=\"skip-lazy fg-image\" data-src-fg=\"http:\/\/blog.sy-danja.de\/wp-content\/uploads\/sites\/2\/cache\/2021\/09\/23_San-Andres_1000px\/3849835705.jpg\" src=\"data:image\/svg+xml,%3Csvg%20xmlns%3D%22http%3A%2F%2Fwww.w3.org%2F2000%2Fsvg%22%20width%3D%22150%22%20height%3D%2284%22%20viewBox%3D%220%200%20150%2084%22%3E%3C%2Fsvg%3E\" loading=\"eager\"><\/span><span class=\"fg-image-overlay\"><\/span><\/a><figcaption class=\"fg-caption\"><div class=\"fg-caption-inner\"><div class=\"fg-caption-title\">Plaza de San Andres<\/div><\/div><\/figcaption><\/figure><div class=\"fg-loader\"><\/div><\/div><div class=\"fg-item fg-type-image fg-idle\"><figure class=\"fg-item-inner\"><a href=\"http:\/\/blog.sy-danja.de\/wp-content\/uploads\/sites\/2\/2021\/09\/24_San-Andres_1000px.jpg\" data-caption-title=\"K\u00fcste bei San Andres\" data-attachment-id=\"2997\" data-type=\"image\" class=\"fg-thumb\" rel=\"lightbox[3004]\"><span class=\"fg-image-wrap\"><img decoding=\"async\" title=\"K\u00fcste bei San Andres\" width=\"150\" height=\"84\" class=\"skip-lazy fg-image\" data-src-fg=\"http:\/\/blog.sy-danja.de\/wp-content\/uploads\/sites\/2\/cache\/2021\/09\/24_San-Andres_1000px\/3952015673.jpg\" src=\"data:image\/svg+xml,%3Csvg%20xmlns%3D%22http%3A%2F%2Fwww.w3.org%2F2000%2Fsvg%22%20width%3D%22150%22%20height%3D%2284%22%20viewBox%3D%220%200%20150%2084%22%3E%3C%2Fsvg%3E\" loading=\"eager\"><\/span><span class=\"fg-image-overlay\"><\/span><\/a><figcaption class=\"fg-caption\"><div class=\"fg-caption-inner\"><div class=\"fg-caption-title\">K\u00fcste bei San Andres<\/div><\/div><\/figcaption><\/figure><div class=\"fg-loader\"><\/div><\/div><div class=\"fg-item fg-type-image fg-idle\"><figure class=\"fg-item-inner\"><a href=\"http:\/\/blog.sy-danja.de\/wp-content\/uploads\/sites\/2\/2021\/09\/25_San-Andres_1000px.jpg\" data-caption-title=\"Auf dem Weg nach Charco Azul\" data-attachment-id=\"2998\" data-type=\"image\" class=\"fg-thumb\" rel=\"lightbox[3004]\"><span class=\"fg-image-wrap\"><img decoding=\"async\" title=\"Auf dem Weg nach Charco Azul\" width=\"150\" height=\"84\" class=\"skip-lazy fg-image\" data-src-fg=\"http:\/\/blog.sy-danja.de\/wp-content\/uploads\/sites\/2\/cache\/2021\/09\/25_San-Andres_1000px\/1153457770.jpg\" src=\"data:image\/svg+xml,%3Csvg%20xmlns%3D%22http%3A%2F%2Fwww.w3.org%2F2000%2Fsvg%22%20width%3D%22150%22%20height%3D%2284%22%20viewBox%3D%220%200%20150%2084%22%3E%3C%2Fsvg%3E\" loading=\"eager\"><\/span><span class=\"fg-image-overlay\"><\/span><\/a><figcaption class=\"fg-caption\"><div class=\"fg-caption-inner\"><div class=\"fg-caption-title\">Auf dem Weg nach Charco Azul<\/div><\/div><\/figcaption><\/figure><div class=\"fg-loader\"><\/div><\/div><div class=\"fg-item fg-type-image fg-idle\"><figure class=\"fg-item-inner\"><a href=\"http:\/\/blog.sy-danja.de\/wp-content\/uploads\/sites\/2\/2021\/09\/26_San-Andres_1000px.jpg\" data-caption-title=\"Auf dem Weg nach Charco Azul\" data-attachment-id=\"2999\" data-type=\"image\" class=\"fg-thumb\" rel=\"lightbox[3004]\"><span class=\"fg-image-wrap\"><img decoding=\"async\" title=\"Auf dem Weg nach Charco Azul\" width=\"150\" height=\"84\" class=\"skip-lazy fg-image\" data-src-fg=\"http:\/\/blog.sy-danja.de\/wp-content\/uploads\/sites\/2\/cache\/2021\/09\/26_San-Andres_1000px\/1622009140.jpg\" src=\"data:image\/svg+xml,%3Csvg%20xmlns%3D%22http%3A%2F%2Fwww.w3.org%2F2000%2Fsvg%22%20width%3D%22150%22%20height%3D%2284%22%20viewBox%3D%220%200%20150%2084%22%3E%3C%2Fsvg%3E\" loading=\"eager\"><\/span><span class=\"fg-image-overlay\"><\/span><\/a><figcaption class=\"fg-caption\"><div class=\"fg-caption-inner\"><div class=\"fg-caption-title\">Auf dem Weg nach Charco Azul<\/div><\/div><\/figcaption><\/figure><div class=\"fg-loader\"><\/div><\/div><div class=\"fg-item fg-type-image fg-idle\"><figure class=\"fg-item-inner\"><a href=\"http:\/\/blog.sy-danja.de\/wp-content\/uploads\/sites\/2\/2021\/09\/27_San-Andres_1000px.jpg\" data-caption-title=\"Meerwasserschwimmbad Charco Azul\" data-attachment-id=\"3000\" data-type=\"image\" class=\"fg-thumb\" rel=\"lightbox[3004]\"><span class=\"fg-image-wrap\"><img decoding=\"async\" title=\"Meerwasserschwimmbad Charco Azul\" width=\"150\" height=\"84\" class=\"skip-lazy fg-image\" data-src-fg=\"http:\/\/blog.sy-danja.de\/wp-content\/uploads\/sites\/2\/cache\/2021\/09\/27_San-Andres_1000px\/2699074096.jpg\" src=\"data:image\/svg+xml,%3Csvg%20xmlns%3D%22http%3A%2F%2Fwww.w3.org%2F2000%2Fsvg%22%20width%3D%22150%22%20height%3D%2284%22%20viewBox%3D%220%200%20150%2084%22%3E%3C%2Fsvg%3E\" loading=\"eager\"><\/span><span class=\"fg-image-overlay\"><\/span><\/a><figcaption class=\"fg-caption\"><div class=\"fg-caption-inner\"><div class=\"fg-caption-title\">Meerwasserschwimmbad Charco Azul<\/div><\/div><\/figcaption><\/figure><div class=\"fg-loader\"><\/div><\/div><\/div>\n<p>&nbsp;<\/p>\n<p>&nbsp;<\/p>\n<p>Hier noch der Track der Wanderung:<\/p>\n<p>&nbsp;<\/p>\n<p>[osm_map_v3 map_center=&#8220;28.7990,-17.7646&#8243; zoom=&#8220;14&#8243; width=&#8220;100%&#8220; height=&#8220;450&#8243; file_list=&#8220;..\/..\/..\/..\/wp-content\/uploads\/2021\/08\/export4.gpx&#8220; file_color_list=&#8220;#000000&#8243; file_title=&#8220;Von San Juan nach Charco Azul&#8220;]<\/p>\n","protected":false},"excerpt":{"rendered":"<p>Eine weitere wundersch\u00f6ne Wanderung f\u00fchrte uns, entlang eines Teilst\u00fccks des Camino Real de la Costa, von San Juan \u00fcber San Andres bis zum Meerwasserschwimmbad Charco Azul. Ein Weg f\u00fcr die Seele. Herrliche Landschaften, kristallklares Wasser, liebliche Ortschaften und kaum eine Menschenseele. Trifft auf Charco Azul nicht ganz so zu, daf\u00fcr gibt&#8217;s aber mit den Destilerias &hellip; <a href=\"http:\/\/blog.sy-danja.de\/?p=3004\" class=\"more-link\"><span class=\"screen-reader-text\">San Andres y Los Sauces<\/span> weiterlesen<\/a><\/p>\n","protected":false},"author":2,"featured_media":0,"comment_status":"open","ping_status":"open","sticky":false,"template":"","format":"gallery","meta":{"footnotes":""},"categories":[39],"tags":[53,89,94,56,77],"class_list":["post-3004","post","type-post","status-publish","format-gallery","hentry","category-segelzeit","tag-atlantik","tag-kanarische-inseln","tag-la-palma","tag-spanien","tag-wandern","post_format-post-format-gallery"],"_links":{"self":[{"href":"http:\/\/blog.sy-danja.de\/index.php?rest_route=\/wp\/v2\/posts\/3004","targetHints":{"allow":["GET"]}}],"collection":[{"href":"http:\/\/blog.sy-danja.de\/index.php?rest_route=\/wp\/v2\/posts"}],"about":[{"href":"http:\/\/blog.sy-danja.de\/index.php?rest_route=\/wp\/v2\/types\/post"}],"author":[{"embeddable":true,"href":"http:\/\/blog.sy-danja.de\/index.php?rest_route=\/wp\/v2\/users\/2"}],"replies":[{"embeddable":true,"href":"http:\/\/blog.sy-danja.de\/index.php?rest_route=%2Fwp%2Fv2%2Fcomments&post=3004"}],"version-history":[{"count":3,"href":"http:\/\/blog.sy-danja.de\/index.php?rest_route=\/wp\/v2\/posts\/3004\/revisions"}],"predecessor-version":[{"id":3007,"href":"http:\/\/blog.sy-danja.de\/index.php?rest_route=\/wp\/v2\/posts\/3004\/revisions\/3007"}],"wp:attachment":[{"href":"http:\/\/blog.sy-danja.de\/index.php?rest_route=%2Fwp%2Fv2%2Fmedia&parent=3004"}],"wp:term":[{"taxonomy":"category","embeddable":true,"href":"http:\/\/blog.sy-danja.de\/index.php?rest_route=%2Fwp%2Fv2%2Fcategories&post=3004"},{"taxonomy":"post_tag","embeddable":true,"href":"http:\/\/blog.sy-danja.de\/index.php?rest_route=%2Fwp%2Fv2%2Ftags&post=3004"}],"curies":[{"name":"wp","href":"https:\/\/api.w.org\/{rel}","templated":true}]}}